{"id":377,"date":"2019-09-04T22:43:00","date_gmt":"2019-09-04T20:43:00","guid":{"rendered":"https:\/\/hausdeserinnerns.wordpress.com\/?p=377"},"modified":"2019-09-21T11:13:02","modified_gmt":"2019-09-21T09:13:02","slug":"jugendplanspiel-antisemitismus","status":"publish","type":"post","link":"https:\/\/www.haus-des-erinnerns-mainz.de\/index.php\/2019\/09\/04\/jugendplanspiel-antisemitismus\/","title":{"rendered":"23. September &#8211;  Planspiel: Antisemitismus"},"content":{"rendered":"\n<div class=\"wp-block-image size-large\"><figure class=\"alignleft is-resized\"><img loading=\"lazy\" decoding=\"async\" src=\"https:\/\/hausdeserinnerns.files.wordpress.com\/2019\/08\/csm_logo_planspiele_2b5ea6fded-1.png?w=240\" alt=\"\" class=\"wp-image-379\" width=\"297\" height=\"121\"\/><\/figure><\/div>\n\n\n\n<p>Das Haus des Erinnerns \u2013 f\u00fcr Demokratie und Akzeptanz Mainz und die Gedenkst\u00e4tte KZ Osthofen laden am 23. September 2019 p\u00e4dagogische Fachkr\u00e4fte, Multiplikator*innen und Interessierte zum Planspiel Antisemitismus ein.<\/p>\n\n\n\n<p>Planspiele sind eine gute Methode, politische Bildung interessant zu gestalten und komplexe politische Fragestellungen zu diskutieren und zu vermitteln. Sie eignen sich besonders dazu, sich intensiv mit Vorurteilen und gruppenbezogener Menschenfeindlichkeit auseinanderzusetzen. In Planspielen werden realit\u00e4tsnahe Situationen simuliert und Handlungsstrategien f\u00fcr diese trainiert. Die Teilnehmenden \u00fcbernehmen dabei die Rollen relevanter Akteur*innen. Sie versetzen sich in deren Sichtweisen und erwecken die Charaktere mit ihren Ideen zum Leben. Schauspielerisches Talent ist f\u00fcr die Teilnahme keine Voraussetzung. Wichtig ist das Interesse am Themenkomplex und an Kommunikation. Planspiele sind als B\u00fchne f\u00fcr \u201eerlebtes Lernen\u201c und durch intensive ergebnissichernde Reflexion didaktisch sehr effektiv. Im neuen Jugendplanspiel Antisemitismus des Kompetenznetzwerks \u201eDemokratie leben!\u201c geht es darum, junge Menschen f\u00fcr zeitgen\u00f6ssischen, modernen Antisemitismus zu sensibilisieren. Das Planspiel besch\u00e4ftigt sich mit den verschiedenen Formen heutiger Judenfeindschaft, deckt Diskriminierungen auf, zeigt Kontinuit\u00e4ten und Trends auf und erm\u00f6glicht somit Sprechf\u00e4higkeit \u00fcber ein oft abstraktes Ph\u00e4nomen. Es geht weniger um ein Erlernen historischen Wissens, sondern st\u00e4rker um heutige Lebenswelten junger Menschen und den Einstieg in die Thematik. Somit wird den Teilnehmenden erm\u00f6glicht, sich f\u00fcr den Umgang mit Ausdrucksformen des Antisemitismus zu sensibilisieren, die von \u201eDemokratie leben!\u201c durchgef\u00fchrten&nbsp;<strong>Jugend-Planspiele<\/strong>&nbsp;p\u00e4dagogisch zu begleiten und ggf. auch eigene Handlungsstrategien f\u00fcr Unterrichts- und Schulalltag zu entwickeln.<\/p>\n\n\n\n<p><em>Eine Kooperationsveranstaltung mit der&nbsp;<a href=\"https:\/\/www.gedenkstaette-osthofen-rlp.de\/\" target=\"_blank\" rel=\"noreferrer noopener\">Gedenkst\u00e4tte KZ Osthofe<\/a>n und dem&nbsp;<a href=\"https:\/\/www.demokratie-leben.de\/bundesprogramm\/ueber-demokratie-leben\/demokratiezentren.html\" target=\"_blank\" rel=\"noreferrer noopener\">Landesdemokratiezentrum \u201eDemokratie leben!\u201c<\/a><\/em><\/p>\n\n\n\n<p><em>Beginn: Montag, 23. September 2019, 9:30 \u2013 16:30 Uhr; 12:30-13:30 Mittagspause<br>Veranstaltungsort: Haus des Erinnerns \u2013 f\u00fcr Demokratie und Akzeptanz, Flachsmarktstra\u00dfe 36, 55116 Mainz<br>[<a rel=\"noreferrer noopener\" aria-label=\" (\u00f6ffnet in neuem Tab)\" href=\"https:\/\/hausdeserinnerns.files.wordpress.com\/2019\/09\/hde_einladung_planspiel_antisemitismus_online_korr_19082019.pdf\" target=\"_blank\">Einladungsschrieben Jugendplanspiel Antisemitismus<\/a>]<br>Das gesamte Veranstaltungsprogramm erhalten Sie&nbsp;<a href=\"https:\/\/hausdeserinnerns.files.wordpress.com\/2019\/08\/hde_veranstaltungsfaltblatt_web_2.hbj_2019-1.pdf\" target=\"_blank\" rel=\"noreferrer noopener\" aria-label=\" (\u00f6ffnet in neuem Tab)\">hier.<\/a><br><\/em><\/p>\n\n\n\n<p><em>F\u00fcr wen ist die Veranstaltung?&nbsp; Multiplikator*innen, p\u00e4dagogische Fachkr\u00e4fte, Interessierte (max. 30 Personen)&nbsp;<br><\/em><strong>Bitte melden Sie sich bis zum 16. September per E-Mail bei&nbsp;<a href=\"linkTo_UnCryptMailto('pdlowr-fruqhold1grogCkdxv0ghv0hulqqhuqv0pdlqc1gh');\">cornelia.dold(at)haus-des-erinnerns-mainz.de<\/a>&nbsp;an!&nbsp;<br><\/strong><\/p>\n","protected":false},"excerpt":{"rendered":"<p>Das Haus des Erinnerns \u2013 f\u00fcr Demokratie und Akzeptanz Mainz und die Gedenkst\u00e4tte KZ Osthofen laden am 23. September 2019 p\u00e4dagogische Fachkr\u00e4fte, Multiplikator*innen und Interessierte zum Planspiel Antisemitismus ein. Planspiele sind eine gute Methode, politische Bildung interessant zu gestalten und komplexe politische Fragestellungen zu diskutieren und zu vermitteln. Sie eignen&#8230;<\/p>\n<p> <a class=\"continue-reading-link\" href=\"https:\/\/www.haus-des-erinnerns-mainz.de\/index.php\/2019\/09\/04\/jugendplanspiel-antisemitismus\/\"><span>Weiterlesen<\/span><i class=\"crycon-right-dir\"><\/i><\/a> <\/p>\n","protected":false},"author":1,"featured_media":626,"comment_status":"closed","ping_status":"open","sticky":false,"template":"","format":"standard","meta":{"episode_type":"","audio_file":"","podmotor_file_id":"","podmotor_episode_id":"","cover_image":"","cover_image_id":"","duration":"","filesize":"","filesize_raw":"","date_recorded":"","explicit":"","block":"","ngg_post_thumbnail":0,"_price":"","_stock":"","_tribe_ticket_header":"","_tribe_default_ticket_provider":"","_tribe_ticket_capacity":"0","_ticket_start_date":"","_ticket_end_date":"","_tribe_ticket_show_description":"","_tribe_ticket_show_not_going":false,"_tribe_ticket_use_global_stock":"","_tribe_ticket_global_stock_level":"","_global_stock_mode":"","_global_stock_cap":"","_tribe_rsvp_for_event":"","_tribe_ticket_going_count":"","_tribe_ticket_not_going_count":"","_tribe_tickets_list":"[]","_tribe_ticket_has_attendee_info_fields":false,"footnotes":""},"categories":[89,76,85,9],"tags":[29,88,27,24,28,30,25],"series":[547],"class_list":["post-377","post","type-post","status-publish","format-standard","has-post-thumbnail","hentry","category-fortbildungen","category-multiplikatorinnen","category-september","category-termin-2019","tag-antisemitismus","tag-fortbildungen","tag-gendenkstaette","tag-jugend","tag-osthofen","tag-paedagogik","tag-planspiel","series-haus-des-erinnerns"],"episode_featured_image":"https:\/\/www.haus-des-erinnerns-mainz.de\/wp-content\/uploads\/2019\/09\/csm_Logo_Planspiele_2b5ea6fded.png","episode_player_image":"https:\/\/www.haus-des-erinnerns-mainz.de\/wp-content\/plugins\/seriously-simple-podcasting\/assets\/images\/no-album-art.png","download_link":"","player_link":"","audio_player":false,"episode_data":{"playerMode":"dark","subscribeUrls":[],"rssFeedUrl":"https:\/\/www.haus-des-erinnerns-mainz.de\/feed\/podcast\/haus-des-erinnerns","embedCode":"<blockquote class=\"wp-embedded-content\" data-secret=\"1nh27qJvg9\"><a href=\"https:\/\/www.haus-des-erinnerns-mainz.de\/index.php\/2019\/09\/04\/jugendplanspiel-antisemitismus\/\">23. September &#8211;  Planspiel: Antisemitismus<\/a><\/blockquote><iframe sandbox=\"allow-scripts\" security=\"restricted\" src=\"https:\/\/www.haus-des-erinnerns-mainz.de\/index.php\/2019\/09\/04\/jugendplanspiel-antisemitismus\/embed\/#?secret=1nh27qJvg9\" width=\"500\" height=\"350\" title=\"&#8222;23. September &#8211;  Planspiel: Antisemitismus&#8220; &#8211; Haus des Erinnerns\" data-secret=\"1nh27qJvg9\" frameborder=\"0\" marginwidth=\"0\" marginheight=\"0\" scrolling=\"no\" class=\"wp-embedded-content\"><\/iframe><script type=\"text\/javascript\">\n\/* <![CDATA[ *\/\n\/*! This file is auto-generated *\/\n!function(d,l){\"use strict\";l.querySelector&&d.addEventListener&&\"undefined\"!=typeof URL&&(d.wp=d.wp||{},d.wp.receiveEmbedMessage||(d.wp.receiveEmbedMessage=function(e){var t=e.data;if((t||t.secret||t.message||t.value)&&!\/[^a-zA-Z0-9]\/.test(t.secret)){for(var s,r,n,a=l.querySelectorAll('iframe[data-secret=\"'+t.secret+'\"]'),o=l.querySelectorAll('blockquote[data-secret=\"'+t.secret+'\"]'),c=new RegExp(\"^https?:$\",\"i\"),i=0;i<o.length;i++)o[i].style.display=\"none\";for(i=0;i<a.length;i++)s=a[i],e.source===s.contentWindow&&(s.removeAttribute(\"style\"),\"height\"===t.message?(1e3<(r=parseInt(t.value,10))?r=1e3:~~r<200&&(r=200),s.height=r):\"link\"===t.message&&(r=new URL(s.getAttribute(\"src\")),n=new URL(t.value),c.test(n.protocol))&&n.host===r.host&&l.activeElement===s&&(d.top.location.href=t.value))}},d.addEventListener(\"message\",d.wp.receiveEmbedMessage,!1),l.addEventListener(\"DOMContentLoaded\",function(){for(var e,t,s=l.querySelectorAll(\"iframe.wp-embedded-content\"),r=0;r<s.length;r++)(t=(e=s[r]).getAttribute(\"data-secret\"))||(t=Math.random().toString(36).substring(2,12),e.src+=\"#?secret=\"+t,e.setAttribute(\"data-secret\",t)),e.contentWindow.postMessage({message:\"ready\",secret:t},\"*\")},!1)))}(window,document);\n\/* ]]> *\/\n<\/script>\n"},"_links":{"self":[{"href":"https:\/\/www.haus-des-erinnerns-mainz.de\/index.php\/wp-json\/wp\/v2\/posts\/377","targetHints":{"allow":["GET"]}}],"collection":[{"href":"https:\/\/www.haus-des-erinnerns-mainz.de\/index.php\/wp-json\/wp\/v2\/posts"}],"about":[{"href":"https:\/\/www.haus-des-erinnerns-mainz.de\/index.php\/wp-json\/wp\/v2\/types\/post"}],"author":[{"embeddable":true,"href":"https:\/\/www.haus-des-erinnerns-mainz.de\/index.php\/wp-json\/wp\/v2\/users\/1"}],"replies":[{"embeddable":true,"href":"https:\/\/www.haus-des-erinnerns-mainz.de\/index.php\/wp-json\/wp\/v2\/comments?post=377"}],"version-history":[{"count":7,"href":"https:\/\/www.haus-des-erinnerns-mainz.de\/index.php\/wp-json\/wp\/v2\/posts\/377\/revisions"}],"predecessor-version":[{"id":905,"href":"https:\/\/www.haus-des-erinnerns-mainz.de\/index.php\/wp-json\/wp\/v2\/posts\/377\/revisions\/905"}],"wp:featuredmedia":[{"embeddable":true,"href":"https:\/\/www.haus-des-erinnerns-mainz.de\/index.php\/wp-json\/wp\/v2\/media\/626"}],"wp:attachment":[{"href":"https:\/\/www.haus-des-erinnerns-mainz.de\/index.php\/wp-json\/wp\/v2\/media?parent=377"}],"wp:term":[{"taxonomy":"category","embeddable":true,"href":"https:\/\/www.haus-des-erinnerns-mainz.de\/index.php\/wp-json\/wp\/v2\/categories?post=377"},{"taxonomy":"post_tag","embeddable":true,"href":"https:\/\/www.haus-des-erinnerns-mainz.de\/index.php\/wp-json\/wp\/v2\/tags?post=377"},{"taxonomy":"series","embeddable":true,"href":"https:\/\/www.haus-des-erinnerns-mainz.de\/index.php\/wp-json\/wp\/v2\/series?post=377"}],"curies":[{"name":"wp","href":"https:\/\/api.w.org\/{rel}","templated":true}]}}