{"id":3669,"date":"2021-06-01T21:54:32","date_gmt":"2021-06-01T19:54:32","guid":{"rendered":"https:\/\/www.haus-des-erinnerns-mainz.de\/?p=3669"},"modified":"2021-06-01T21:55:52","modified_gmt":"2021-06-01T19:55:52","slug":"ruhestand-fuer-die-leiterin-der-gedenkstaette-kz-osthofen-angelika-arenz-morch","status":"publish","type":"post","link":"https:\/\/www.haus-des-erinnerns-mainz.de\/index.php\/2021\/06\/01\/ruhestand-fuer-die-leiterin-der-gedenkstaette-kz-osthofen-angelika-arenz-morch\/","title":{"rendered":"Ruhestand f\u00fcr die Leiterin des Archivs des NS-Dokumentationszentrums: Angelika Arenz-Morch"},"content":{"rendered":"\n<br>\n\n\n\n<p>Angelika Arenz-Morch arbeitete \u00fcber 30 Jahre lang in der Gedenkst\u00e4tte KZ Osthofen, war seit 2001 Leiterin des Archivs des NS-Dokumentationszentrums Rheinland-Pfalz \u2013 nun geht sie in den Ruhestand. Gestern war sie zu Gast in der Landesschau Rheinland-Pfalz und sprach dort \u00fcber die Geschichte des Konzentrationslagers Osthofen, ihre Arbeit, aber auch pers\u00f6nliche Beziehungen zur Regionalgeschichte. Im Gespr\u00e4ch wird deutlich, dass es noch viele Projekte gibt, die sie auch im Ruhestand angehen m\u00f6chte. So m\u00f6chte sie beispielsweise weitere Details in der Biografie Max Tschornickis kl\u00e4ren. Bislang wei\u00df man nur, dass er nach seiner Flucht aus dem KZ Osthofen nach Frankreich dort im Widerstand war, welche Aktivit\u00e4ten er dort genau \u00fcbernahm, ist jedoch noch unklar \u2013 eine Frage, die Angelika Arenz-Morch brennend interessiert. <br>Wir freuen uns sehr, dass sie als stellvertretende Vorstandsvorsitzende unserer Stiftung \u201eHaus des Erinnerns \u2013 f\u00fcr Demokratie und Akzeptanz Mainz\u201c sowie als Mitglied des \u201eVereins f\u00fcr Sozialgeschichte Mainz e. V.\u201c weiter eng mit uns zusammenarbeitet. <\/p>\n\n\n\n<br>\n\n\n\n<iframe loading=\"lazy\" src=\"https:\/\/www.swrfernsehen.de\/~embed\/landesschau-rp\/couchgespraeche\/angelika-arenz-morch-ruhestand-fuer-die-leiterin-der-gedenkstaette-kz-osthofen-100.html\" width=\"640\" height=\"360\" frameborder=\"0\" webkitallowfullscreen=\"\" mozallowfullscreen=\"\" allowfullscreen=\"\"><\/iframe>\n","protected":false},"excerpt":{"rendered":"<p>Angelika Arenz-Morch arbeitete \u00fcber 30 Jahre lang in der Gedenkst\u00e4tte KZ Osthofen, war seit 2001 Leiterin des Archivs des NS-Dokumentationszentrums Rheinland-Pfalz \u2013 nun geht sie in den Ruhestand. Gestern war sie zu Gast in der Landesschau Rheinland-Pfalz und sprach dort \u00fcber die Geschichte des Konzentrationslagers Osthofen, ihre Arbeit, aber auch&#8230;<\/p>\n<p> <a class=\"continue-reading-link\" href=\"https:\/\/www.haus-des-erinnerns-mainz.de\/index.php\/2021\/06\/01\/ruhestand-fuer-die-leiterin-der-gedenkstaette-kz-osthofen-angelika-arenz-morch\/\"><span>Weiterlesen<\/span><i class=\"crycon-right-dir\"><\/i><\/a> <\/p>\n","protected":false},"author":4,"featured_media":2325,"comment_status":"closed","ping_status":"closed","sticky":false,"template":"","format":"standard","meta":{"episode_type":"audio","audio_file":"","podmotor_file_id":"","podmotor_episode_id":"","cover_image":"","cover_image_id":"","duration":"","filesize":"","filesize_raw":"","date_recorded":"","explicit":"","block":"","ngg_post_thumbnail":0,"_price":"","_stock":"","_tribe_ticket_header":"","_tribe_default_ticket_provider":"","_tribe_ticket_capacity":"0","_ticket_start_date":"","_ticket_end_date":"","_tribe_ticket_show_description":"","_tribe_ticket_show_not_going":false,"_tribe_ticket_use_global_stock":"","_tribe_ticket_global_stock_level":"","_global_stock_mode":"","_global_stock_cap":"","_tribe_rsvp_for_event":"","_tribe_ticket_going_count":"","_tribe_ticket_not_going_count":"","_tribe_tickets_list":"[]","_tribe_ticket_has_attendee_info_fields":false,"footnotes":""},"categories":[75,1],"tags":[],"series":[547],"class_list":["post-3669","post","type-post","status-publish","format-standard","has-post-thumbnail","hentry","category-aktuelles","category-allgemein","series-haus-des-erinnerns"],"episode_featured_image":"https:\/\/www.haus-des-erinnerns-mainz.de\/wp-content\/uploads\/2020\/06\/Arenz_Morch-scaled.jpg","episode_player_image":"https:\/\/www.haus-des-erinnerns-mainz.de\/wp-content\/plugins\/seriously-simple-podcasting\/assets\/images\/no-album-art.png","download_link":"","player_link":"","audio_player":false,"episode_data":{"playerMode":"dark","subscribeUrls":[],"rssFeedUrl":"https:\/\/www.haus-des-erinnerns-mainz.de\/feed\/podcast\/haus-des-erinnerns","embedCode":"<blockquote class=\"wp-embedded-content\" data-secret=\"fiFmJUQYVs\"><a href=\"https:\/\/www.haus-des-erinnerns-mainz.de\/index.php\/2021\/06\/01\/ruhestand-fuer-die-leiterin-der-gedenkstaette-kz-osthofen-angelika-arenz-morch\/\">Ruhestand f\u00fcr die Leiterin des Archivs des NS-Dokumentationszentrums: Angelika Arenz-Morch<\/a><\/blockquote><iframe sandbox=\"allow-scripts\" security=\"restricted\" src=\"https:\/\/www.haus-des-erinnerns-mainz.de\/index.php\/2021\/06\/01\/ruhestand-fuer-die-leiterin-der-gedenkstaette-kz-osthofen-angelika-arenz-morch\/embed\/#?secret=fiFmJUQYVs\" width=\"500\" height=\"350\" title=\"&#8222;Ruhestand f\u00fcr die Leiterin des Archivs des NS-Dokumentationszentrums: Angelika Arenz-Morch&#8220; &#8211; Haus des Erinnerns\" data-secret=\"fiFmJUQYVs\" frameborder=\"0\" marginwidth=\"0\" marginheight=\"0\" scrolling=\"no\" class=\"wp-embedded-content\"><\/iframe><script type=\"text\/javascript\">\n\/* <![CDATA[ *\/\n\/*! This file is auto-generated *\/\n!function(d,l){\"use strict\";l.querySelector&&d.addEventListener&&\"undefined\"!=typeof URL&&(d.wp=d.wp||{},d.wp.receiveEmbedMessage||(d.wp.receiveEmbedMessage=function(e){var t=e.data;if((t||t.secret||t.message||t.value)&&!\/[^a-zA-Z0-9]\/.test(t.secret)){for(var s,r,n,a=l.querySelectorAll('iframe[data-secret=\"'+t.secret+'\"]'),o=l.querySelectorAll('blockquote[data-secret=\"'+t.secret+'\"]'),c=new RegExp(\"^https?:$\",\"i\"),i=0;i<o.length;i++)o[i].style.display=\"none\";for(i=0;i<a.length;i++)s=a[i],e.source===s.contentWindow&&(s.removeAttribute(\"style\"),\"height\"===t.message?(1e3<(r=parseInt(t.value,10))?r=1e3:~~r<200&&(r=200),s.height=r):\"link\"===t.message&&(r=new URL(s.getAttribute(\"src\")),n=new URL(t.value),c.test(n.protocol))&&n.host===r.host&&l.activeElement===s&&(d.top.location.href=t.value))}},d.addEventListener(\"message\",d.wp.receiveEmbedMessage,!1),l.addEventListener(\"DOMContentLoaded\",function(){for(var e,t,s=l.querySelectorAll(\"iframe.wp-embedded-content\"),r=0;r<s.length;r++)(t=(e=s[r]).getAttribute(\"data-secret\"))||(t=Math.random().toString(36).substring(2,12),e.src+=\"#?secret=\"+t,e.setAttribute(\"data-secret\",t)),e.contentWindow.postMessage({message:\"ready\",secret:t},\"*\")},!1)))}(window,document);\n\/* ]]> *\/\n<\/script>\n"},"_links":{"self":[{"href":"https:\/\/www.haus-des-erinnerns-mainz.de\/index.php\/wp-json\/wp\/v2\/posts\/3669","targetHints":{"allow":["GET"]}}],"collection":[{"href":"https:\/\/www.haus-des-erinnerns-mainz.de\/index.php\/wp-json\/wp\/v2\/posts"}],"about":[{"href":"https:\/\/www.haus-des-erinnerns-mainz.de\/index.php\/wp-json\/wp\/v2\/types\/post"}],"author":[{"embeddable":true,"href":"https:\/\/www.haus-des-erinnerns-mainz.de\/index.php\/wp-json\/wp\/v2\/users\/4"}],"replies":[{"embeddable":true,"href":"https:\/\/www.haus-des-erinnerns-mainz.de\/index.php\/wp-json\/wp\/v2\/comments?post=3669"}],"version-history":[{"count":5,"href":"https:\/\/www.haus-des-erinnerns-mainz.de\/index.php\/wp-json\/wp\/v2\/posts\/3669\/revisions"}],"predecessor-version":[{"id":3674,"href":"https:\/\/www.haus-des-erinnerns-mainz.de\/index.php\/wp-json\/wp\/v2\/posts\/3669\/revisions\/3674"}],"wp:featuredmedia":[{"embeddable":true,"href":"https:\/\/www.haus-des-erinnerns-mainz.de\/index.php\/wp-json\/wp\/v2\/media\/2325"}],"wp:attachment":[{"href":"https:\/\/www.haus-des-erinnerns-mainz.de\/index.php\/wp-json\/wp\/v2\/media?parent=3669"}],"wp:term":[{"taxonomy":"category","embeddable":true,"href":"https:\/\/www.haus-des-erinnerns-mainz.de\/index.php\/wp-json\/wp\/v2\/categories?post=3669"},{"taxonomy":"post_tag","embeddable":true,"href":"https:\/\/www.haus-des-erinnerns-mainz.de\/index.php\/wp-json\/wp\/v2\/tags?post=3669"},{"taxonomy":"series","embeddable":true,"href":"https:\/\/www.haus-des-erinnerns-mainz.de\/index.php\/wp-json\/wp\/v2\/series?post=3669"}],"curies":[{"name":"wp","href":"https:\/\/api.w.org\/{rel}","templated":true}]}}