{"id":3319,"date":"2021-01-29T12:07:13","date_gmt":"2021-01-29T11:07:13","guid":{"rendered":"https:\/\/www.haus-des-erinnerns-mainz.de\/?p=3319"},"modified":"2021-01-29T12:07:15","modified_gmt":"2021-01-29T11:07:15","slug":"27-januar-beitrag-im-deutschlandfunk","status":"publish","type":"post","link":"https:\/\/www.haus-des-erinnerns-mainz.de\/index.php\/2021\/01\/29\/27-januar-beitrag-im-deutschlandfunk\/","title":{"rendered":"27. Januar: Beitrag im Deutschlandfunk"},"content":{"rendered":"\n<div class=\"wp-block-image\"><figure class=\"aligncenter size-large is-resized\"><img loading=\"lazy\" decoding=\"async\" src=\"https:\/\/www.haus-des-erinnerns-mainz.de\/wp-content\/uploads\/2021\/01\/Mikrofon-2.jpg\" alt=\"\" class=\"wp-image-3321\" width=\"401\" height=\"424\" srcset=\"https:\/\/www.haus-des-erinnerns-mainz.de\/wp-content\/uploads\/2021\/01\/Mikrofon-2.jpg 451w, https:\/\/www.haus-des-erinnerns-mainz.de\/wp-content\/uploads\/2021\/01\/Mikrofon-2-284x300.jpg 284w, https:\/\/www.haus-des-erinnerns-mainz.de\/wp-content\/uploads\/2021\/01\/Mikrofon-2-142x150.jpg 142w\" sizes=\"auto, (max-width: 401px) 100vw, 401px\" \/><\/figure><\/div>\n\n\n\n<p>Jedes Jahr am 27. Januar wird in Deutschland an den Holocaust erinnert. Zeitzeugen wird es bald nicht mehr geben. Wie bleibt das Wissen \u00fcber den Holocaust bei Jugendlichen trotzdem wach? \u00dcber diese Frage sprach Cornelia Dold, Leiterin des Haus des Erinnerns \u2013 f\u00fcr Demokratie und Akzeptanz, mit Tobias Armbr\u00fcster vom Deutschlandfunk. Zu h\u00f6ren ist das Gespr\u00e4ch im Podcast \u201eDer Tag\u201c. <\/p>\n\n\n\n<figure class=\"wp-block-audio\"><audio controls src=\"https:\/\/www.haus-des-erinnerns-mainz.de\/wp-content\/uploads\/2021\/01\/270121_erinnern_dlf_20210127_1700_ce742d9b.mp3\"><\/audio><\/figure>\n\n\n\n<p><\/p>\n","protected":false},"excerpt":{"rendered":"<p>Jedes Jahr am 27. Januar wird in Deutschland an den Holocaust erinnert. Zeitzeugen wird es bald nicht mehr geben. Wie bleibt das Wissen \u00fcber den Holocaust bei Jugendlichen trotzdem wach? \u00dcber diese Frage sprach Cornelia Dold, Leiterin des Haus des Erinnerns \u2013 f\u00fcr Demokratie und Akzeptanz, mit Tobias Armbr\u00fcster vom&#8230;<\/p>\n<p> <a class=\"continue-reading-link\" href=\"https:\/\/www.haus-des-erinnerns-mainz.de\/index.php\/2021\/01\/29\/27-januar-beitrag-im-deutschlandfunk\/\"><span>Weiterlesen<\/span><i class=\"crycon-right-dir\"><\/i><\/a> <\/p>\n","protected":false},"author":4,"featured_media":3321,"comment_status":"closed","ping_status":"closed","sticky":false,"template":"","format":"standard","meta":{"episode_type":"audio","audio_file":"","podmotor_file_id":"","podmotor_episode_id":"","cover_image":"","cover_image_id":"","duration":"","filesize":"","filesize_raw":"","date_recorded":"","explicit":"","block":"","ngg_post_thumbnail":0,"_price":"","_stock":"","_tribe_ticket_header":"","_tribe_default_ticket_provider":"","_tribe_ticket_capacity":"0","_ticket_start_date":"","_ticket_end_date":"","_tribe_ticket_show_description":"","_tribe_ticket_show_not_going":false,"_tribe_ticket_use_global_stock":"","_tribe_ticket_global_stock_level":"","_global_stock_mode":"","_global_stock_cap":"","_tribe_rsvp_for_event":"","_tribe_ticket_going_count":"","_tribe_ticket_not_going_count":"","_tribe_tickets_list":"[]","_tribe_ticket_has_attendee_info_fields":false,"footnotes":""},"categories":[1,86],"tags":[],"series":[547],"class_list":["post-3319","post","type-post","status-publish","format-standard","has-post-thumbnail","hentry","category-allgemein","category-archiv","series-haus-des-erinnerns"],"episode_featured_image":"https:\/\/www.haus-des-erinnerns-mainz.de\/wp-content\/uploads\/2021\/01\/Mikrofon-2.jpg","episode_player_image":"https:\/\/www.haus-des-erinnerns-mainz.de\/wp-content\/plugins\/seriously-simple-podcasting\/assets\/images\/no-album-art.png","download_link":"","player_link":"","audio_player":false,"episode_data":{"playerMode":"dark","subscribeUrls":[],"rssFeedUrl":"https:\/\/www.haus-des-erinnerns-mainz.de\/feed\/podcast\/haus-des-erinnerns","embedCode":"<blockquote class=\"wp-embedded-content\" data-secret=\"1Dt2uK0ZT6\"><a href=\"https:\/\/www.haus-des-erinnerns-mainz.de\/index.php\/2021\/01\/29\/27-januar-beitrag-im-deutschlandfunk\/\">27. Januar: Beitrag im Deutschlandfunk<\/a><\/blockquote><iframe sandbox=\"allow-scripts\" security=\"restricted\" src=\"https:\/\/www.haus-des-erinnerns-mainz.de\/index.php\/2021\/01\/29\/27-januar-beitrag-im-deutschlandfunk\/embed\/#?secret=1Dt2uK0ZT6\" width=\"500\" height=\"350\" title=\"&#8222;27. Januar: Beitrag im Deutschlandfunk&#8220; &#8211; Haus des Erinnerns\" data-secret=\"1Dt2uK0ZT6\" frameborder=\"0\" marginwidth=\"0\" marginheight=\"0\" scrolling=\"no\" class=\"wp-embedded-content\"><\/iframe><script type=\"text\/javascript\">\n\/* <![CDATA[ *\/\n\/*! This file is auto-generated *\/\n!function(d,l){\"use strict\";l.querySelector&&d.addEventListener&&\"undefined\"!=typeof URL&&(d.wp=d.wp||{},d.wp.receiveEmbedMessage||(d.wp.receiveEmbedMessage=function(e){var t=e.data;if((t||t.secret||t.message||t.value)&&!\/[^a-zA-Z0-9]\/.test(t.secret)){for(var s,r,n,a=l.querySelectorAll('iframe[data-secret=\"'+t.secret+'\"]'),o=l.querySelectorAll('blockquote[data-secret=\"'+t.secret+'\"]'),c=new RegExp(\"^https?:$\",\"i\"),i=0;i<o.length;i++)o[i].style.display=\"none\";for(i=0;i<a.length;i++)s=a[i],e.source===s.contentWindow&&(s.removeAttribute(\"style\"),\"height\"===t.message?(1e3<(r=parseInt(t.value,10))?r=1e3:~~r<200&&(r=200),s.height=r):\"link\"===t.message&&(r=new URL(s.getAttribute(\"src\")),n=new URL(t.value),c.test(n.protocol))&&n.host===r.host&&l.activeElement===s&&(d.top.location.href=t.value))}},d.addEventListener(\"message\",d.wp.receiveEmbedMessage,!1),l.addEventListener(\"DOMContentLoaded\",function(){for(var e,t,s=l.querySelectorAll(\"iframe.wp-embedded-content\"),r=0;r<s.length;r++)(t=(e=s[r]).getAttribute(\"data-secret\"))||(t=Math.random().toString(36).substring(2,12),e.src+=\"#?secret=\"+t,e.setAttribute(\"data-secret\",t)),e.contentWindow.postMessage({message:\"ready\",secret:t},\"*\")},!1)))}(window,document);\n\/* ]]> *\/\n<\/script>\n"},"_links":{"self":[{"href":"https:\/\/www.haus-des-erinnerns-mainz.de\/index.php\/wp-json\/wp\/v2\/posts\/3319","targetHints":{"allow":["GET"]}}],"collection":[{"href":"https:\/\/www.haus-des-erinnerns-mainz.de\/index.php\/wp-json\/wp\/v2\/posts"}],"about":[{"href":"https:\/\/www.haus-des-erinnerns-mainz.de\/index.php\/wp-json\/wp\/v2\/types\/post"}],"author":[{"embeddable":true,"href":"https:\/\/www.haus-des-erinnerns-mainz.de\/index.php\/wp-json\/wp\/v2\/users\/4"}],"replies":[{"embeddable":true,"href":"https:\/\/www.haus-des-erinnerns-mainz.de\/index.php\/wp-json\/wp\/v2\/comments?post=3319"}],"version-history":[{"count":3,"href":"https:\/\/www.haus-des-erinnerns-mainz.de\/index.php\/wp-json\/wp\/v2\/posts\/3319\/revisions"}],"predecessor-version":[{"id":3324,"href":"https:\/\/www.haus-des-erinnerns-mainz.de\/index.php\/wp-json\/wp\/v2\/posts\/3319\/revisions\/3324"}],"wp:featuredmedia":[{"embeddable":true,"href":"https:\/\/www.haus-des-erinnerns-mainz.de\/index.php\/wp-json\/wp\/v2\/media\/3321"}],"wp:attachment":[{"href":"https:\/\/www.haus-des-erinnerns-mainz.de\/index.php\/wp-json\/wp\/v2\/media?parent=3319"}],"wp:term":[{"taxonomy":"category","embeddable":true,"href":"https:\/\/www.haus-des-erinnerns-mainz.de\/index.php\/wp-json\/wp\/v2\/categories?post=3319"},{"taxonomy":"post_tag","embeddable":true,"href":"https:\/\/www.haus-des-erinnerns-mainz.de\/index.php\/wp-json\/wp\/v2\/tags?post=3319"},{"taxonomy":"series","embeddable":true,"href":"https:\/\/www.haus-des-erinnerns-mainz.de\/index.php\/wp-json\/wp\/v2\/series?post=3319"}],"curies":[{"name":"wp","href":"https:\/\/api.w.org\/{rel}","templated":true}]}}