{"id":3308,"date":"2021-01-29T10:53:46","date_gmt":"2021-01-29T09:53:46","guid":{"rendered":"https:\/\/www.haus-des-erinnerns-mainz.de\/?p=3308"},"modified":"2021-01-29T10:53:48","modified_gmt":"2021-01-29T09:53:48","slug":"1700-jahre-juedisches-leben-in-deutschland","status":"publish","type":"post","link":"https:\/\/www.haus-des-erinnerns-mainz.de\/index.php\/2021\/01\/29\/1700-jahre-juedisches-leben-in-deutschland\/","title":{"rendered":"1700 Jahre j\u00fcdisches Leben in Deutschland"},"content":{"rendered":"\n<figure class=\"wp-block-image size-large is-resized\"><img loading=\"lazy\" decoding=\"async\" src=\"https:\/\/www.haus-des-erinnerns-mainz.de\/wp-content\/uploads\/2021\/01\/1700_Jahre.jpg\" alt=\"\" class=\"wp-image-3310\" width=\"404\" height=\"492\" srcset=\"https:\/\/www.haus-des-erinnerns-mainz.de\/wp-content\/uploads\/2021\/01\/1700_Jahre.jpg 688w, https:\/\/www.haus-des-erinnerns-mainz.de\/wp-content\/uploads\/2021\/01\/1700_Jahre-246x300.jpg 246w, https:\/\/www.haus-des-erinnerns-mainz.de\/wp-content\/uploads\/2021\/01\/1700_Jahre-123x150.jpg 123w\" sizes=\"auto, (max-width: 404px) 100vw, 404px\" \/><\/figure>\n\n\n\n<p><\/p>\n\n\n\n<p>Das Jahr 2021 ist ein Festjahr f\u00fcr das j\u00fcdische Leben. Denn J\u00fcdinnen*Juden leben nun nachweislich seit \u00fcber 1700 Jahren auf dem Gebiet des heutigen Deutschlands leben. Im Jahr 321 erlie\u00df der r\u00f6mische Kaiser Konstantin der Gro\u00dfe ein Gesetz, dass besagte, dass K\u00f6lner J\u00fcdinnen*Juden st\u00e4dtische \u00c4mter in der Kurie bekleiden durften. So wird in diesem Festjahr auf 1700 Jahre Judentum in Deutschland und Rheinland-Pfalz zur\u00fcckgeblickt. Zugleich aber auch mit einem Blick in die Zukunft, in die Vielfalt j\u00fcdischen Lebens verbunden. <\/p>\n\n\n\n<p>F\u00fcr diesen Rahmen erschien der Film \u201eVerfolgt und umworben \u2013 Zweitausend Jahre j\u00fcdisches Erbe\u201c von Andreas Berg, auf den wir an dieser Stelle sehr gerne hinweisen. <\/p>\n\n\n\n<p>In Rheinland-Pfalz blickt man auf eine wechselvolle j\u00fcdische Vergangenheit zur\u00fcck. Auf Epochen, die von kultureller Bl\u00fcte und Akzeptanz j\u00fcdischen Lebens gepr\u00e4gt waren, folgten immer wieder Zeiten mit Verfolgung, mit Pogromen oder mit dem Untergang ganzer Gemeinden. Neben den gro\u00dfen SchUM-St\u00e4dten Mainz, Worms und Speyer gab es auch in l\u00e4ndlichen Regionen wie im Hunsr\u00fcck und in der Pfalz viele kleine j\u00fcdische Gemeinden und ein lebendiges Landjudentum. Der Film \u201eVerfolgt und umworben \u2013 Zweitausend Jahre j\u00fcdisches Erbe\u201c beleuchtet die j\u00fcdische Geschichte im Gebiet des heutigen Rheinland-Pfalz von den fr\u00fchesten Spuren bis in die Gegenwart und fragt auch nach den Perspektiven der heutigen Gemeinden.<\/p>\n\n\n\n<p><a href=\"https:\/\/youtu.be\/xARBs8ZzlqE\">Hier<\/a> geht es zum Trailer des Films und <a href=\"https:\/\/www.ardmediathek.de\/ard\/video\/bekannt-im-land\/verfolgt-und-umworben-zweitausend-jahre-juedisches-erbe\/swr-rheinland-pfalz\/Y3JpZDovL3N3ci5kZS9hZXgvbzEzODYyMjg\/\">hier <\/a>gelangen Sie zum kompletten Filmbeitrag in der Sendereihe \u201eBekannt im Leben\u201c beim SWR.<\/p>\n\n\n\n\n\n<p><\/p>\n","protected":false},"excerpt":{"rendered":"<p>Das Jahr 2021 ist ein Festjahr f\u00fcr das j\u00fcdische Leben. Denn J\u00fcdinnen*Juden leben nun nachweislich seit \u00fcber 1700 Jahren auf dem Gebiet des heutigen Deutschlands leben. Im Jahr 321 erlie\u00df der r\u00f6mische Kaiser Konstantin der Gro\u00dfe ein Gesetz, dass besagte, dass K\u00f6lner J\u00fcdinnen*Juden st\u00e4dtische \u00c4mter in der Kurie bekleiden durften&#8230;.<\/p>\n<p> <a class=\"continue-reading-link\" href=\"https:\/\/www.haus-des-erinnerns-mainz.de\/index.php\/2021\/01\/29\/1700-jahre-juedisches-leben-in-deutschland\/\"><span>Weiterlesen<\/span><i class=\"crycon-right-dir\"><\/i><\/a> <\/p>\n","protected":false},"author":4,"featured_media":0,"comment_status":"closed","ping_status":"closed","sticky":false,"template":"","format":"standard","meta":{"episode_type":"audio","audio_file":"","podmotor_file_id":"","podmotor_episode_id":"","cover_image":"","cover_image_id":"","duration":"","filesize":"","filesize_raw":"","date_recorded":"","explicit":"","block":"","ngg_post_thumbnail":0,"_price":"","_stock":"","_tribe_ticket_header":"","_tribe_default_ticket_provider":"","_tribe_ticket_capacity":"0","_ticket_start_date":"","_ticket_end_date":"","_tribe_ticket_show_description":"","_tribe_ticket_show_not_going":false,"_tribe_ticket_use_global_stock":"","_tribe_ticket_global_stock_level":"","_global_stock_mode":"","_global_stock_cap":"","_tribe_rsvp_for_event":"","_tribe_ticket_going_count":"","_tribe_ticket_not_going_count":"","_tribe_tickets_list":"[]","_tribe_ticket_has_attendee_info_fields":false,"footnotes":""},"categories":[75,1],"tags":[],"series":[547],"class_list":["post-3308","post","type-post","status-publish","format-standard","hentry","category-aktuelles","category-allgemein","series-haus-des-erinnerns"],"episode_featured_image":false,"episode_player_image":"https:\/\/www.haus-des-erinnerns-mainz.de\/wp-content\/plugins\/seriously-simple-podcasting\/assets\/images\/no-album-art.png","download_link":"","player_link":"","audio_player":false,"episode_data":{"playerMode":"dark","subscribeUrls":[],"rssFeedUrl":"https:\/\/www.haus-des-erinnerns-mainz.de\/feed\/podcast\/haus-des-erinnerns","embedCode":"<blockquote class=\"wp-embedded-content\" data-secret=\"ajtkJWnABF\"><a href=\"https:\/\/www.haus-des-erinnerns-mainz.de\/index.php\/2021\/01\/29\/1700-jahre-juedisches-leben-in-deutschland\/\">1700 Jahre j\u00fcdisches Leben in Deutschland<\/a><\/blockquote><iframe sandbox=\"allow-scripts\" security=\"restricted\" src=\"https:\/\/www.haus-des-erinnerns-mainz.de\/index.php\/2021\/01\/29\/1700-jahre-juedisches-leben-in-deutschland\/embed\/#?secret=ajtkJWnABF\" width=\"500\" height=\"350\" title=\"&#8222;1700 Jahre j\u00fcdisches Leben in Deutschland&#8220; &#8211; Haus des Erinnerns\" data-secret=\"ajtkJWnABF\" frameborder=\"0\" marginwidth=\"0\" marginheight=\"0\" scrolling=\"no\" class=\"wp-embedded-content\"><\/iframe><script type=\"text\/javascript\">\n\/* <![CDATA[ *\/\n\/*! This file is auto-generated *\/\n!function(d,l){\"use strict\";l.querySelector&&d.addEventListener&&\"undefined\"!=typeof URL&&(d.wp=d.wp||{},d.wp.receiveEmbedMessage||(d.wp.receiveEmbedMessage=function(e){var t=e.data;if((t||t.secret||t.message||t.value)&&!\/[^a-zA-Z0-9]\/.test(t.secret)){for(var s,r,n,a=l.querySelectorAll('iframe[data-secret=\"'+t.secret+'\"]'),o=l.querySelectorAll('blockquote[data-secret=\"'+t.secret+'\"]'),c=new RegExp(\"^https?:$\",\"i\"),i=0;i<o.length;i++)o[i].style.display=\"none\";for(i=0;i<a.length;i++)s=a[i],e.source===s.contentWindow&&(s.removeAttribute(\"style\"),\"height\"===t.message?(1e3<(r=parseInt(t.value,10))?r=1e3:~~r<200&&(r=200),s.height=r):\"link\"===t.message&&(r=new URL(s.getAttribute(\"src\")),n=new URL(t.value),c.test(n.protocol))&&n.host===r.host&&l.activeElement===s&&(d.top.location.href=t.value))}},d.addEventListener(\"message\",d.wp.receiveEmbedMessage,!1),l.addEventListener(\"DOMContentLoaded\",function(){for(var e,t,s=l.querySelectorAll(\"iframe.wp-embedded-content\"),r=0;r<s.length;r++)(t=(e=s[r]).getAttribute(\"data-secret\"))||(t=Math.random().toString(36).substring(2,12),e.src+=\"#?secret=\"+t,e.setAttribute(\"data-secret\",t)),e.contentWindow.postMessage({message:\"ready\",secret:t},\"*\")},!1)))}(window,document);\n\/* ]]> *\/\n<\/script>\n"},"_links":{"self":[{"href":"https:\/\/www.haus-des-erinnerns-mainz.de\/index.php\/wp-json\/wp\/v2\/posts\/3308","targetHints":{"allow":["GET"]}}],"collection":[{"href":"https:\/\/www.haus-des-erinnerns-mainz.de\/index.php\/wp-json\/wp\/v2\/posts"}],"about":[{"href":"https:\/\/www.haus-des-erinnerns-mainz.de\/index.php\/wp-json\/wp\/v2\/types\/post"}],"author":[{"embeddable":true,"href":"https:\/\/www.haus-des-erinnerns-mainz.de\/index.php\/wp-json\/wp\/v2\/users\/4"}],"replies":[{"embeddable":true,"href":"https:\/\/www.haus-des-erinnerns-mainz.de\/index.php\/wp-json\/wp\/v2\/comments?post=3308"}],"version-history":[{"count":2,"href":"https:\/\/www.haus-des-erinnerns-mainz.de\/index.php\/wp-json\/wp\/v2\/posts\/3308\/revisions"}],"predecessor-version":[{"id":3311,"href":"https:\/\/www.haus-des-erinnerns-mainz.de\/index.php\/wp-json\/wp\/v2\/posts\/3308\/revisions\/3311"}],"wp:attachment":[{"href":"https:\/\/www.haus-des-erinnerns-mainz.de\/index.php\/wp-json\/wp\/v2\/media?parent=3308"}],"wp:term":[{"taxonomy":"category","embeddable":true,"href":"https:\/\/www.haus-des-erinnerns-mainz.de\/index.php\/wp-json\/wp\/v2\/categories?post=3308"},{"taxonomy":"post_tag","embeddable":true,"href":"https:\/\/www.haus-des-erinnerns-mainz.de\/index.php\/wp-json\/wp\/v2\/tags?post=3308"},{"taxonomy":"series","embeddable":true,"href":"https:\/\/www.haus-des-erinnerns-mainz.de\/index.php\/wp-json\/wp\/v2\/series?post=3308"}],"curies":[{"name":"wp","href":"https:\/\/api.w.org\/{rel}","templated":true}]}}