{"id":3235,"date":"2021-01-27T16:39:13","date_gmt":"2021-01-27T15:39:13","guid":{"rendered":"https:\/\/www.haus-des-erinnerns-mainz.de\/?p=3235"},"modified":"2023-03-09T15:31:52","modified_gmt":"2023-03-09T14:31:52","slug":"gedenktag-27-januar-2021","status":"publish","type":"post","link":"https:\/\/www.haus-des-erinnerns-mainz.de\/index.php\/2021\/01\/27\/gedenktag-27-januar-2021\/","title":{"rendered":"Gedenktag 27. Januar 2021"},"content":{"rendered":"\n<figure class=\"wp-block-image size-large\"><img loading=\"lazy\" decoding=\"async\" width=\"1024\" height=\"684\" src=\"https:\/\/www.haus-des-erinnerns-mainz.de\/wp-content\/uploads\/2021\/01\/DSC_5890-1024x684.jpg\" alt=\"\" class=\"wp-image-3236\" srcset=\"https:\/\/www.haus-des-erinnerns-mainz.de\/wp-content\/uploads\/2021\/01\/DSC_5890-1024x684.jpg 1024w, https:\/\/www.haus-des-erinnerns-mainz.de\/wp-content\/uploads\/2021\/01\/DSC_5890-300x200.jpg 300w, https:\/\/www.haus-des-erinnerns-mainz.de\/wp-content\/uploads\/2021\/01\/DSC_5890-768x513.jpg 768w, https:\/\/www.haus-des-erinnerns-mainz.de\/wp-content\/uploads\/2021\/01\/DSC_5890-1536x1025.jpg 1536w, https:\/\/www.haus-des-erinnerns-mainz.de\/wp-content\/uploads\/2021\/01\/DSC_5890-2048x1367.jpg 2048w, https:\/\/www.haus-des-erinnerns-mainz.de\/wp-content\/uploads\/2021\/01\/DSC_5890-150x100.jpg 150w\" sizes=\"auto, (max-width: 1024px) 100vw, 1024px\" \/><\/figure>\n\n\n\n<p><\/p>\n\n\n\n<p><br>Heute vor 76 Jahren wurde das Konzentrations- und Vernichtungslager Auschwitz befreit. Als <strong>zentraler Gedenkort der Landeshauptstadt Mainz<\/strong> f\u00fcr die Opfer der nationalsozialistischen Diktatur verfolgen wir in unserem Haus das Ziel, die Erinnerung an alle vom NS-Regime Ausgegrenzten, Verfolgten und Ermordeten wachzuhalten. In unserem \u201eRaum der Namen\u201c gedenken wir den Mainzer Opfern. Hier werden \u00fcber 1.700 Namen h\u00f6r- und sichtbar gemacht. Bislang haben in diesem Raum die Namen aller Opfer der sogenannten NS-\u201aEuthanasie\u2018 sowie aller Mainzer Sinti* und aller j\u00fcdischen Mainzer*innen, die im Jahr 1940 sowie ab 1942 aus der Stadt deportiert und ermordet wurden, einen Platz. Die bisherigen Namen werden fortw\u00e4hrend um weitere erg\u00e4nzt, um k\u00fcnftig allen Opfergruppen einen zentralen Gedenkort in der Landeshauptstadt widmen zu k\u00f6nnen. <\/p>\n\n\n\n<p><strong>Normalerweise empfangen wir am 27. Januar zahlreiche Besucher*innen, die mit uns gemeinsam gedenken. Doch auch in einer Zeit, in der wir unsere T\u00fcren leider geschlossen halten m\u00fcssen, gedenken wir gemeinsam und halten an einer aktiven, lebendigen Erinnerungskultur fest.<\/strong> So tragen wir heute auch zum digitalen Gedenkprojekt <strong>#everynamecounts<\/strong> der <a href=\"https:\/\/arolsen-archives.org\/lernen-mitwirken\/ausstellungen-kampagnen\/everynamecounts\/partner\/\">Arolsen Archives<\/a> bei und setzen auf unseren Social-Media-Kan\u00e4len ein Zeichen gegen das Vergessen. <\/p>\n","protected":false},"excerpt":{"rendered":"<p>Heute vor 76 Jahren wurde das Konzentrations- und Vernichtungslager Auschwitz befreit. Als zentraler Gedenkort der Landeshauptstadt Mainz f\u00fcr die Opfer der nationalsozialistischen Diktatur verfolgen wir in unserem Haus das Ziel, die Erinnerung an alle vom NS-Regime Ausgegrenzten, Verfolgten und Ermordeten wachzuhalten. In unserem \u201eRaum der Namen\u201c gedenken wir den Mainzer&#8230;<\/p>\n<p> <a class=\"continue-reading-link\" href=\"https:\/\/www.haus-des-erinnerns-mainz.de\/index.php\/2021\/01\/27\/gedenktag-27-januar-2021\/\"><span>Weiterlesen<\/span><i class=\"crycon-right-dir\"><\/i><\/a> <\/p>\n","protected":false},"author":4,"featured_media":3236,"comment_status":"closed","ping_status":"closed","sticky":false,"template":"","format":"standard","meta":{"episode_type":"audio","audio_file":"","podmotor_file_id":"","podmotor_episode_id":"","cover_image":"","cover_image_id":"","duration":"","filesize":"","filesize_raw":"","date_recorded":"","explicit":"","block":"","ngg_post_thumbnail":0,"_price":"","_stock":"","_tribe_ticket_header":"","_tribe_default_ticket_provider":"","_tribe_ticket_capacity":"0","_ticket_start_date":"","_ticket_end_date":"","_tribe_ticket_show_description":"","_tribe_ticket_show_not_going":false,"_tribe_ticket_use_global_stock":"","_tribe_ticket_global_stock_level":"","_global_stock_mode":"","_global_stock_cap":"","_tribe_rsvp_for_event":"","_tribe_ticket_going_count":"","_tribe_ticket_not_going_count":"","_tribe_tickets_list":"[]","_tribe_ticket_has_attendee_info_fields":false,"footnotes":""},"categories":[75],"tags":[],"series":[547],"class_list":["post-3235","post","type-post","status-publish","format-standard","has-post-thumbnail","hentry","category-aktuelles","series-haus-des-erinnerns"],"episode_featured_image":"https:\/\/www.haus-des-erinnerns-mainz.de\/wp-content\/uploads\/2021\/01\/DSC_5890-scaled.jpg","episode_player_image":"https:\/\/www.haus-des-erinnerns-mainz.de\/wp-content\/plugins\/seriously-simple-podcasting\/assets\/images\/no-album-art.png","download_link":"","player_link":"","audio_player":false,"episode_data":{"playerMode":"dark","subscribeUrls":[],"rssFeedUrl":"https:\/\/www.haus-des-erinnerns-mainz.de\/feed\/podcast\/haus-des-erinnerns","embedCode":"<blockquote class=\"wp-embedded-content\" data-secret=\"mpKaUFHPTC\"><a href=\"https:\/\/www.haus-des-erinnerns-mainz.de\/index.php\/2021\/01\/27\/gedenktag-27-januar-2021\/\">Gedenktag 27. Januar 2021<\/a><\/blockquote><iframe sandbox=\"allow-scripts\" security=\"restricted\" src=\"https:\/\/www.haus-des-erinnerns-mainz.de\/index.php\/2021\/01\/27\/gedenktag-27-januar-2021\/embed\/#?secret=mpKaUFHPTC\" width=\"500\" height=\"350\" title=\"&#8222;Gedenktag 27. Januar 2021&#8220; &#8211; Haus des Erinnerns\" data-secret=\"mpKaUFHPTC\" frameborder=\"0\" marginwidth=\"0\" marginheight=\"0\" scrolling=\"no\" class=\"wp-embedded-content\"><\/iframe><script type=\"text\/javascript\">\n\/* <![CDATA[ *\/\n\/*! This file is auto-generated *\/\n!function(d,l){\"use strict\";l.querySelector&&d.addEventListener&&\"undefined\"!=typeof URL&&(d.wp=d.wp||{},d.wp.receiveEmbedMessage||(d.wp.receiveEmbedMessage=function(e){var t=e.data;if((t||t.secret||t.message||t.value)&&!\/[^a-zA-Z0-9]\/.test(t.secret)){for(var s,r,n,a=l.querySelectorAll('iframe[data-secret=\"'+t.secret+'\"]'),o=l.querySelectorAll('blockquote[data-secret=\"'+t.secret+'\"]'),c=new RegExp(\"^https?:$\",\"i\"),i=0;i<o.length;i++)o[i].style.display=\"none\";for(i=0;i<a.length;i++)s=a[i],e.source===s.contentWindow&&(s.removeAttribute(\"style\"),\"height\"===t.message?(1e3<(r=parseInt(t.value,10))?r=1e3:~~r<200&&(r=200),s.height=r):\"link\"===t.message&&(r=new URL(s.getAttribute(\"src\")),n=new URL(t.value),c.test(n.protocol))&&n.host===r.host&&l.activeElement===s&&(d.top.location.href=t.value))}},d.addEventListener(\"message\",d.wp.receiveEmbedMessage,!1),l.addEventListener(\"DOMContentLoaded\",function(){for(var e,t,s=l.querySelectorAll(\"iframe.wp-embedded-content\"),r=0;r<s.length;r++)(t=(e=s[r]).getAttribute(\"data-secret\"))||(t=Math.random().toString(36).substring(2,12),e.src+=\"#?secret=\"+t,e.setAttribute(\"data-secret\",t)),e.contentWindow.postMessage({message:\"ready\",secret:t},\"*\")},!1)))}(window,document);\n\/* ]]> *\/\n<\/script>\n"},"_links":{"self":[{"href":"https:\/\/www.haus-des-erinnerns-mainz.de\/index.php\/wp-json\/wp\/v2\/posts\/3235","targetHints":{"allow":["GET"]}}],"collection":[{"href":"https:\/\/www.haus-des-erinnerns-mainz.de\/index.php\/wp-json\/wp\/v2\/posts"}],"about":[{"href":"https:\/\/www.haus-des-erinnerns-mainz.de\/index.php\/wp-json\/wp\/v2\/types\/post"}],"author":[{"embeddable":true,"href":"https:\/\/www.haus-des-erinnerns-mainz.de\/index.php\/wp-json\/wp\/v2\/users\/4"}],"replies":[{"embeddable":true,"href":"https:\/\/www.haus-des-erinnerns-mainz.de\/index.php\/wp-json\/wp\/v2\/comments?post=3235"}],"version-history":[{"count":3,"href":"https:\/\/www.haus-des-erinnerns-mainz.de\/index.php\/wp-json\/wp\/v2\/posts\/3235\/revisions"}],"predecessor-version":[{"id":5969,"href":"https:\/\/www.haus-des-erinnerns-mainz.de\/index.php\/wp-json\/wp\/v2\/posts\/3235\/revisions\/5969"}],"wp:featuredmedia":[{"embeddable":true,"href":"https:\/\/www.haus-des-erinnerns-mainz.de\/index.php\/wp-json\/wp\/v2\/media\/3236"}],"wp:attachment":[{"href":"https:\/\/www.haus-des-erinnerns-mainz.de\/index.php\/wp-json\/wp\/v2\/media?parent=3235"}],"wp:term":[{"taxonomy":"category","embeddable":true,"href":"https:\/\/www.haus-des-erinnerns-mainz.de\/index.php\/wp-json\/wp\/v2\/categories?post=3235"},{"taxonomy":"post_tag","embeddable":true,"href":"https:\/\/www.haus-des-erinnerns-mainz.de\/index.php\/wp-json\/wp\/v2\/tags?post=3235"},{"taxonomy":"series","embeddable":true,"href":"https:\/\/www.haus-des-erinnerns-mainz.de\/index.php\/wp-json\/wp\/v2\/series?post=3235"}],"curies":[{"name":"wp","href":"https:\/\/api.w.org\/{rel}","templated":true}]}}