{"id":205,"date":"2019-09-04T18:30:32","date_gmt":"2019-09-04T16:30:32","guid":{"rendered":"https:\/\/hausdeserinnerns.wordpress.com\/?p=205"},"modified":"2019-09-25T22:54:46","modified_gmt":"2019-09-25T20:54:46","slug":"10-09-2019-vortrag-die-erben-der-arisierung-vom-umgang-heutiger-inhaber-mittelstandischer-familienunternehmen-mit-der-ns-vergangenheit-ihrer-firmen-und-familien","status":"publish","type":"post","link":"https:\/\/www.haus-des-erinnerns-mainz.de\/index.php\/2019\/09\/04\/10-09-2019-vortrag-die-erben-der-arisierung-vom-umgang-heutiger-inhaber-mittelstandischer-familienunternehmen-mit-der-ns-vergangenheit-ihrer-firmen-und-familien\/","title":{"rendered":"10. September &#8211; Vortrag: Die Erben der Arisierung"},"content":{"rendered":"\n<h2 class=\"wp-block-heading\">\u2013 vom Umgang heutiger Inhaber mittelst\u00e4ndischer Familienunternehmen mit der NS-Vergangenheit ihrer Firmen und Familien<\/h2>\n\n\n\n<p><\/p>\n\n\n\n<p>Zum Auftakt des Programms der 2. Jahresh\u00e4lfte findet am Dienstag, den 10. September 2019, 18:30 Uhr ein Vortrag von Armin Flesch mit anschlie\u00dfender Diskussion im Haus des Erinnerns statt.<\/p>\n\n\n\n<p>Am Anfang stand eine E-Mail des Enkels eines ehemaligen Frankfurter j\u00fcdischen Unternehmers, dessen Firma Mitte der 1930er Jahre \u201earisiert\u201c worden war. 80 Jahre sp\u00e4ter behaupteten die Nachkommen des einstigen \u201earischen\u201c Inhabers wahrheitswidrig, ihr Unternehmen blicke auf \u201e100 Jahre Familientradition\u201c zur\u00fcck.<br>Die Suche nach alten Unterlagen f\u00fchrte den Frankfurter Journalisten und Autor Armin H. Flesch zu weiteren, teils spektakul\u00e4ren Arisierungsf\u00e4llen wie jenem der Fabrik und heutigen Firmenzentrale eines Chemieunternehmens in Lahnstein. Archivrecherchen im In- und Ausland und Interviews l\u00f6sten eine grundlegende Besch\u00e4ftigung des Referenten mit dem Thema \u201eArisierung\u201c aus, die bis heute andauert: Wer profitierte vom legalisierten Raub und Mord an den Juden? Wie verhalten sich die heutigen Eigent\u00fcmer arisierter mittelst\u00e4ndischer Familien unternehmen zur NS-Vergangenheit ihrer Firma und Familie? Welche Bedeutung hat die \u201eArisierung\u201c f\u00fcr das Verst\u00e4ndnis des Holocaust und der deutschen Gesellschaft vor und nach 1945? Welche konkreten Auswirkungen hat sie bis heute?<\/p>\n\n\n\n<p>Diese und weitere Fragen stehen im Zentrum des Vortrags und der anschlie\u00dfenden Diskussion.<\/p>\n\n\n\n<p><em>Eine Kooperationsveranstaltung mit der&nbsp;<a href=\"https:\/\/mainz.deutscher-koordinierungsrat.de\/\" target=\"_blank\" rel=\"noreferrer noopener\" aria-label=\" (\u00f6ffnet in neuem Tab)\">Gesellschaft f\u00fcr christlich-j\u00fcdische Zusammenarbeit Mainz&nbsp;<\/a>und dem <a rel=\"noreferrer noopener\" aria-label=\"Verein Gegen Vergessen \u2013 f\u00fcr Demokratie, Regionale Arbeitsgruppe Rheinland-Pfalz (\u00f6ffnet in neuem Tab)\" href=\"https:\/\/www.gegen-vergessen.de\/vor-ort\/rheinland-pfalz\/\" target=\"_blank\">Verein Gegen Vergessen \u2013 f\u00fcr Demokratie, Regionale Arbeitsgruppe Rheinland-Pfalz<\/a>.<\/em><\/p>\n\n\n\n<p><em>Beginn: Dienstag, 10. September 2019, 18:30 Uhr<br>Veranstaltungsort: Haus des Erinnerns &#8211; f\u00fcr Demokratie und Akzeptanz Mainz, Flachsmarktstra\u00dfe 36, 55116 Mainz<br>Der Eintritt ist frei.<br>Das Veranstaltungsprogramm erhalten Sie\u00a0<a rel=\"noreferrer noopener\" aria-label=\" (\u00f6ffnet in neuem Tab)\" href=\"https:\/\/www.haus-des-erinnerns-mainz.de\/wp-content\/uploads\/2019\/09\/HDE_Veranstaltungsfaltblatt_WEB_2.Hbj_2019.pdf\" target=\"_blank\">hier<\/a>.<\/em><br><a href=\"https:\/\/www.haus-des-erinnerns-mainz.de\/wp-content\/uploads\/2019\/09\/hde_einladung_erben_der_arisierung_lay02_2019.pdf\" target=\"_blank\" rel=\"noreferrer noopener\" aria-label=\" (\u00f6ffnet in neuem Tab)\">Einladungsschreiben &#8222;Die Erben der Arisierung&#8220;<\/a><\/p>\n","protected":false},"excerpt":{"rendered":"<p>\u2013 vom Umgang heutiger Inhaber mittelst\u00e4ndischer Familienunternehmen mit der NS-Vergangenheit ihrer Firmen und Familien Zum Auftakt des Programms der 2. Jahresh\u00e4lfte findet am Dienstag, den 10. September 2019, 18:30 Uhr ein Vortrag von Armin Flesch mit anschlie\u00dfender Diskussion im Haus des Erinnerns statt. Am Anfang stand eine E-Mail des Enkels&#8230;<\/p>\n<p> <a class=\"continue-reading-link\" href=\"https:\/\/www.haus-des-erinnerns-mainz.de\/index.php\/2019\/09\/04\/10-09-2019-vortrag-die-erben-der-arisierung-vom-umgang-heutiger-inhaber-mittelstandischer-familienunternehmen-mit-der-ns-vergangenheit-ihrer-firmen-und-familien\/\"><span>Weiterlesen<\/span><i class=\"crycon-right-dir\"><\/i><\/a> <\/p>\n","protected":false},"author":1,"featured_media":457,"comment_status":"closed","ping_status":"open","sticky":false,"template":"","format":"standard","meta":{"episode_type":"","audio_file":"","podmotor_file_id":"","podmotor_episode_id":"","cover_image":"","cover_image_id":"","duration":"","filesize":"","filesize_raw":"","date_recorded":"","explicit":"","block":"","ngg_post_thumbnail":0,"_price":"","_stock":"","_tribe_ticket_header":"","_tribe_default_ticket_provider":"","_tribe_ticket_capacity":"0","_ticket_start_date":"","_ticket_end_date":"","_tribe_ticket_show_description":"","_tribe_ticket_show_not_going":false,"_tribe_ticket_use_global_stock":"","_tribe_ticket_global_stock_level":"","_global_stock_mode":"","_global_stock_cap":"","_tribe_rsvp_for_event":"","_tribe_ticket_going_count":"","_tribe_ticket_not_going_count":"","_tribe_tickets_list":"[]","_tribe_ticket_has_attendee_info_fields":false,"footnotes":""},"categories":[86,85,9],"tags":[43,48,49,46,45,51,44,50,12,47],"series":[547],"class_list":["post-205","post","type-post","status-publish","format-standard","has-post-thumbnail","hentry","category-archiv","category-september","category-termin-2019","tag-arisierung","tag-armin-flesch","tag-diskussion","tag-familien","tag-firmen","tag-holocaust","tag-ns-vergangenheit","tag-raub","tag-vortrag","tag-wirtschaft","series-haus-des-erinnerns"],"episode_featured_image":"https:\/\/www.haus-des-erinnerns-mainz.de\/wp-content\/uploads\/2019\/09\/csm_die_erben_der_arisierung_f2fe4a8b64-1.png","episode_player_image":"https:\/\/www.haus-des-erinnerns-mainz.de\/wp-content\/plugins\/seriously-simple-podcasting\/assets\/images\/no-album-art.png","download_link":"","player_link":"","audio_player":false,"episode_data":{"playerMode":"dark","subscribeUrls":[],"rssFeedUrl":"https:\/\/www.haus-des-erinnerns-mainz.de\/feed\/podcast\/haus-des-erinnerns","embedCode":"<blockquote class=\"wp-embedded-content\" data-secret=\"xLTs3SS948\"><a href=\"https:\/\/www.haus-des-erinnerns-mainz.de\/index.php\/2019\/09\/04\/10-09-2019-vortrag-die-erben-der-arisierung-vom-umgang-heutiger-inhaber-mittelstandischer-familienunternehmen-mit-der-ns-vergangenheit-ihrer-firmen-und-familien\/\">10. September &#8211; Vortrag: Die Erben der Arisierung<\/a><\/blockquote><iframe sandbox=\"allow-scripts\" security=\"restricted\" src=\"https:\/\/www.haus-des-erinnerns-mainz.de\/index.php\/2019\/09\/04\/10-09-2019-vortrag-die-erben-der-arisierung-vom-umgang-heutiger-inhaber-mittelstandischer-familienunternehmen-mit-der-ns-vergangenheit-ihrer-firmen-und-familien\/embed\/#?secret=xLTs3SS948\" width=\"500\" height=\"350\" title=\"&#8222;10. September &#8211; Vortrag: Die Erben der Arisierung&#8220; &#8211; Haus des Erinnerns\" data-secret=\"xLTs3SS948\" frameborder=\"0\" marginwidth=\"0\" marginheight=\"0\" scrolling=\"no\" class=\"wp-embedded-content\"><\/iframe><script type=\"text\/javascript\">\n\/* <![CDATA[ *\/\n\/*! This file is auto-generated *\/\n!function(d,l){\"use strict\";l.querySelector&&d.addEventListener&&\"undefined\"!=typeof URL&&(d.wp=d.wp||{},d.wp.receiveEmbedMessage||(d.wp.receiveEmbedMessage=function(e){var t=e.data;if((t||t.secret||t.message||t.value)&&!\/[^a-zA-Z0-9]\/.test(t.secret)){for(var s,r,n,a=l.querySelectorAll('iframe[data-secret=\"'+t.secret+'\"]'),o=l.querySelectorAll('blockquote[data-secret=\"'+t.secret+'\"]'),c=new RegExp(\"^https?:$\",\"i\"),i=0;i<o.length;i++)o[i].style.display=\"none\";for(i=0;i<a.length;i++)s=a[i],e.source===s.contentWindow&&(s.removeAttribute(\"style\"),\"height\"===t.message?(1e3<(r=parseInt(t.value,10))?r=1e3:~~r<200&&(r=200),s.height=r):\"link\"===t.message&&(r=new URL(s.getAttribute(\"src\")),n=new URL(t.value),c.test(n.protocol))&&n.host===r.host&&l.activeElement===s&&(d.top.location.href=t.value))}},d.addEventListener(\"message\",d.wp.receiveEmbedMessage,!1),l.addEventListener(\"DOMContentLoaded\",function(){for(var e,t,s=l.querySelectorAll(\"iframe.wp-embedded-content\"),r=0;r<s.length;r++)(t=(e=s[r]).getAttribute(\"data-secret\"))||(t=Math.random().toString(36).substring(2,12),e.src+=\"#?secret=\"+t,e.setAttribute(\"data-secret\",t)),e.contentWindow.postMessage({message:\"ready\",secret:t},\"*\")},!1)))}(window,document);\n\/* ]]> *\/\n<\/script>\n"},"_links":{"self":[{"href":"https:\/\/www.haus-des-erinnerns-mainz.de\/index.php\/wp-json\/wp\/v2\/posts\/205","targetHints":{"allow":["GET"]}}],"collection":[{"href":"https:\/\/www.haus-des-erinnerns-mainz.de\/index.php\/wp-json\/wp\/v2\/posts"}],"about":[{"href":"https:\/\/www.haus-des-erinnerns-mainz.de\/index.php\/wp-json\/wp\/v2\/types\/post"}],"author":[{"embeddable":true,"href":"https:\/\/www.haus-des-erinnerns-mainz.de\/index.php\/wp-json\/wp\/v2\/users\/1"}],"replies":[{"embeddable":true,"href":"https:\/\/www.haus-des-erinnerns-mainz.de\/index.php\/wp-json\/wp\/v2\/comments?post=205"}],"version-history":[{"count":10,"href":"https:\/\/www.haus-des-erinnerns-mainz.de\/index.php\/wp-json\/wp\/v2\/posts\/205\/revisions"}],"predecessor-version":[{"id":1055,"href":"https:\/\/www.haus-des-erinnerns-mainz.de\/index.php\/wp-json\/wp\/v2\/posts\/205\/revisions\/1055"}],"wp:featuredmedia":[{"embeddable":true,"href":"https:\/\/www.haus-des-erinnerns-mainz.de\/index.php\/wp-json\/wp\/v2\/media\/457"}],"wp:attachment":[{"href":"https:\/\/www.haus-des-erinnerns-mainz.de\/index.php\/wp-json\/wp\/v2\/media?parent=205"}],"wp:term":[{"taxonomy":"category","embeddable":true,"href":"https:\/\/www.haus-des-erinnerns-mainz.de\/index.php\/wp-json\/wp\/v2\/categories?post=205"},{"taxonomy":"post_tag","embeddable":true,"href":"https:\/\/www.haus-des-erinnerns-mainz.de\/index.php\/wp-json\/wp\/v2\/tags?post=205"},{"taxonomy":"series","embeddable":true,"href":"https:\/\/www.haus-des-erinnerns-mainz.de\/index.php\/wp-json\/wp\/v2\/series?post=205"}],"curies":[{"name":"wp","href":"https:\/\/api.w.org\/{rel}","templated":true}]}}