{"id":1903,"date":"2020-05-03T18:10:03","date_gmt":"2020-05-03T16:10:03","guid":{"rendered":"https:\/\/www.haus-des-erinnerns-mainz.de\/?p=1903"},"modified":"2020-05-14T12:18:04","modified_gmt":"2020-05-14T10:18:04","slug":"unbekannte-helden-widerstand-im-suedwesten","status":"publish","type":"post","link":"https:\/\/www.haus-des-erinnerns-mainz.de\/index.php\/2020\/05\/03\/unbekannte-helden-widerstand-im-suedwesten\/","title":{"rendered":"Unbekannte Helden &#8211; Widerstand im S\u00fcdwesten"},"content":{"rendered":"\n<p>Das 90-min\u00fctige Dokudrama\u00a0<strong>&#8222;Unbekannte Helden- Widerstand im S\u00fcdwesten&#8220;<\/strong> zeigt in historischen Bildern, mit Augenzeugenberichten und Spielszenen wie mutige Menschen durch Widerstand gegen den Nationalsozialismus ihr Leben riskierten. Die Michaeltruppe, eine von Jugendlichen gegr\u00fcndete Widerstandsgruppe aus der Vulkaneifel ist Teil der filmischen Erz\u00e4hlung.<\/p>\n\n\n\n<p>Joachim Hennig vom&nbsp;<a rel=\"noreferrer noopener\" href=\"https:\/\/www.mahnmal-koblenz.de\/index.php\/der-foerderverein\" target=\"_blank\">F\u00f6rderverein Mahnmal Koblenz&nbsp;<\/a>setzt sich seit vielen Jahren f\u00fcr die Gedenkarbeit an die Opfer des Nationalsozialismus ein und forscht zur Michaelgruppe. Mit seinem Wissen unterst\u00fctze er die SWR-Produktion.<\/p>\n\n\n\n<p>Am<strong>&nbsp;Sonntag, den 3. Mai um 20:15 Uhr&nbsp;<\/strong>wird der Film von Bernhard Stegmann und Samuel Ackermann im&nbsp;<strong>SWR Fernsehen<\/strong>&nbsp;ausgestrahlt und ist im Anschluss in der Mediathek verf\u00fcgbar.<\/p>\n\n\n\n<p><strong>Weitere Informationen:&nbsp;<\/strong><\/p>\n\n\n\n<p><a href=\"https:\/\/vimeo.com\/412725523\" target=\"_blank\" rel=\"noreferrer noopener\">Trailer &#8222;Unbekannte Helden &#8211; Widerstand im S\u00fcdwesten&#8220;<\/a><\/p>\n\n\n\n<p><a href=\"https:\/\/www.ardmediathek.de\/swr\/player\/Y3JpZDovL3N3ci5kZS9hZXgvbzEyMzQwNjg\/joachim-hennig-erinnert-an-die-michaeltruppe\">SWR-Beitrag: &#8222;Joachim Hennig erinnert an die Michaelgruppe&#8220;<\/a><\/p>\n\n\n\n<p><a href=\"https:\/\/www.swr.de\/swr2\/leben-und-gesellschaft\/unbekannte-helden-swr-dokudrama-ueber-widerstand-gegen-nationalsozialismus-100.html\">SWR2-Gespr\u00e4ch:  \u201eUnbekannte Helden\u201c: Doku-Drama \u00fcber NS-Widerstand im S\u00fcdwesten<\/a><\/p>\n","protected":false},"excerpt":{"rendered":"<p>Das 90-min\u00fctige Dokudrama\u00a0&#8222;Unbekannte Helden- Widerstand im S\u00fcdwesten&#8220; zeigt in historischen Bildern, mit Augenzeugenberichten und Spielszenen wie mutige Menschen durch Widerstand gegen den Nationalsozialismus ihr Leben riskierten. Die Michaeltruppe, eine von Jugendlichen gegr\u00fcndete Widerstandsgruppe aus der Vulkaneifel ist Teil der filmischen Erz\u00e4hlung. Joachim Hennig vom&nbsp;F\u00f6rderverein Mahnmal Koblenz&nbsp;setzt sich seit vielen Jahren&#8230;<\/p>\n<p> <a class=\"continue-reading-link\" href=\"https:\/\/www.haus-des-erinnerns-mainz.de\/index.php\/2020\/05\/03\/unbekannte-helden-widerstand-im-suedwesten\/\"><span>Weiterlesen<\/span><i class=\"crycon-right-dir\"><\/i><\/a> <\/p>\n","protected":false},"author":2,"featured_media":0,"comment_status":"closed","ping_status":"open","sticky":false,"template":"","format":"standard","meta":{"episode_type":"audio","audio_file":"","podmotor_file_id":"","podmotor_episode_id":"","cover_image":"","cover_image_id":"","duration":"","filesize":"","filesize_raw":"","date_recorded":"","explicit":"","block":"","ngg_post_thumbnail":0,"_price":"","_stock":"","_tribe_ticket_header":"","_tribe_default_ticket_provider":"","_tribe_ticket_capacity":"0","_ticket_start_date":"","_ticket_end_date":"","_tribe_ticket_show_description":"","_tribe_ticket_show_not_going":false,"_tribe_ticket_use_global_stock":"","_tribe_ticket_global_stock_level":"","_global_stock_mode":"","_global_stock_cap":"","_tribe_rsvp_for_event":"","_tribe_ticket_going_count":"","_tribe_ticket_not_going_count":"","_tribe_tickets_list":"[]","_tribe_ticket_has_attendee_info_fields":false,"footnotes":""},"categories":[75,1,86],"tags":[167,122,52,95],"series":[547],"class_list":["post-1903","post","type-post","status-publish","format-standard","hentry","category-aktuelles","category-allgemein","category-archiv","tag-film","tag-nationalsozialismus","tag-swr","tag-widerstand","series-haus-des-erinnerns"],"episode_featured_image":false,"episode_player_image":"https:\/\/www.haus-des-erinnerns-mainz.de\/wp-content\/plugins\/seriously-simple-podcasting\/assets\/images\/no-album-art.png","download_link":"","player_link":"","audio_player":false,"episode_data":{"playerMode":"dark","subscribeUrls":[],"rssFeedUrl":"https:\/\/www.haus-des-erinnerns-mainz.de\/feed\/podcast\/haus-des-erinnerns","embedCode":"<blockquote class=\"wp-embedded-content\" data-secret=\"dgGJWanEcs\"><a href=\"https:\/\/www.haus-des-erinnerns-mainz.de\/index.php\/2020\/05\/03\/unbekannte-helden-widerstand-im-suedwesten\/\">Unbekannte Helden &#8211; Widerstand im S\u00fcdwesten<\/a><\/blockquote><iframe sandbox=\"allow-scripts\" security=\"restricted\" src=\"https:\/\/www.haus-des-erinnerns-mainz.de\/index.php\/2020\/05\/03\/unbekannte-helden-widerstand-im-suedwesten\/embed\/#?secret=dgGJWanEcs\" width=\"500\" height=\"350\" title=\"&#8222;Unbekannte Helden &#8211; Widerstand im S\u00fcdwesten&#8220; &#8211; Haus des Erinnerns\" data-secret=\"dgGJWanEcs\" frameborder=\"0\" marginwidth=\"0\" marginheight=\"0\" scrolling=\"no\" class=\"wp-embedded-content\"><\/iframe><script type=\"text\/javascript\">\n\/* <![CDATA[ *\/\n\/*! This file is auto-generated *\/\n!function(d,l){\"use strict\";l.querySelector&&d.addEventListener&&\"undefined\"!=typeof URL&&(d.wp=d.wp||{},d.wp.receiveEmbedMessage||(d.wp.receiveEmbedMessage=function(e){var t=e.data;if((t||t.secret||t.message||t.value)&&!\/[^a-zA-Z0-9]\/.test(t.secret)){for(var s,r,n,a=l.querySelectorAll('iframe[data-secret=\"'+t.secret+'\"]'),o=l.querySelectorAll('blockquote[data-secret=\"'+t.secret+'\"]'),c=new RegExp(\"^https?:$\",\"i\"),i=0;i<o.length;i++)o[i].style.display=\"none\";for(i=0;i<a.length;i++)s=a[i],e.source===s.contentWindow&&(s.removeAttribute(\"style\"),\"height\"===t.message?(1e3<(r=parseInt(t.value,10))?r=1e3:~~r<200&&(r=200),s.height=r):\"link\"===t.message&&(r=new URL(s.getAttribute(\"src\")),n=new URL(t.value),c.test(n.protocol))&&n.host===r.host&&l.activeElement===s&&(d.top.location.href=t.value))}},d.addEventListener(\"message\",d.wp.receiveEmbedMessage,!1),l.addEventListener(\"DOMContentLoaded\",function(){for(var e,t,s=l.querySelectorAll(\"iframe.wp-embedded-content\"),r=0;r<s.length;r++)(t=(e=s[r]).getAttribute(\"data-secret\"))||(t=Math.random().toString(36).substring(2,12),e.src+=\"#?secret=\"+t,e.setAttribute(\"data-secret\",t)),e.contentWindow.postMessage({message:\"ready\",secret:t},\"*\")},!1)))}(window,document);\n\/* ]]> *\/\n<\/script>\n"},"_links":{"self":[{"href":"https:\/\/www.haus-des-erinnerns-mainz.de\/index.php\/wp-json\/wp\/v2\/posts\/1903","targetHints":{"allow":["GET"]}}],"collection":[{"href":"https:\/\/www.haus-des-erinnerns-mainz.de\/index.php\/wp-json\/wp\/v2\/posts"}],"about":[{"href":"https:\/\/www.haus-des-erinnerns-mainz.de\/index.php\/wp-json\/wp\/v2\/types\/post"}],"author":[{"embeddable":true,"href":"https:\/\/www.haus-des-erinnerns-mainz.de\/index.php\/wp-json\/wp\/v2\/users\/2"}],"replies":[{"embeddable":true,"href":"https:\/\/www.haus-des-erinnerns-mainz.de\/index.php\/wp-json\/wp\/v2\/comments?post=1903"}],"version-history":[{"count":8,"href":"https:\/\/www.haus-des-erinnerns-mainz.de\/index.php\/wp-json\/wp\/v2\/posts\/1903\/revisions"}],"predecessor-version":[{"id":2062,"href":"https:\/\/www.haus-des-erinnerns-mainz.de\/index.php\/wp-json\/wp\/v2\/posts\/1903\/revisions\/2062"}],"wp:attachment":[{"href":"https:\/\/www.haus-des-erinnerns-mainz.de\/index.php\/wp-json\/wp\/v2\/media?parent=1903"}],"wp:term":[{"taxonomy":"category","embeddable":true,"href":"https:\/\/www.haus-des-erinnerns-mainz.de\/index.php\/wp-json\/wp\/v2\/categories?post=1903"},{"taxonomy":"post_tag","embeddable":true,"href":"https:\/\/www.haus-des-erinnerns-mainz.de\/index.php\/wp-json\/wp\/v2\/tags?post=1903"},{"taxonomy":"series","embeddable":true,"href":"https:\/\/www.haus-des-erinnerns-mainz.de\/index.php\/wp-json\/wp\/v2\/series?post=1903"}],"curies":[{"name":"wp","href":"https:\/\/api.w.org\/{rel}","templated":true}]}}