{"id":1434,"date":"2020-04-03T13:43:48","date_gmt":"2020-04-03T11:43:48","guid":{"rendered":"https:\/\/www.haus-des-erinnerns-mainz.de\/?p=1434"},"modified":"2020-04-03T16:27:55","modified_gmt":"2020-04-03T14:27:55","slug":"geplante-lesung","status":"publish","type":"post","link":"https:\/\/www.haus-des-erinnerns-mainz.de\/index.php\/2020\/04\/03\/geplante-lesung\/","title":{"rendered":"Geplante Lesung \u2013 H\u00f6rprobe"},"content":{"rendered":"\n<p>Am 14. September 2020 wird die Autorin Sabine Bode f\u00fcr eine Lesung ihres Werks <strong>Das M\u00e4dchen im Strom<\/strong> im Haus des Erinnerns \u2013 f\u00fcr Demokratie und Akzeptanz zu Gast sein. In diesem Roman verarbeitet sie die Biografie der Mainzerin Gerty Meyer-J\u00f8rgensen, die in der Kaiserstra\u00dfe 37 aufwuchs. Wir freuen uns, bereits vorab auf einen Auszug aus dem H\u00f6rbuch zu verweisen, der <a href=\"https:\/\/www.bic-media.com\/mobile\/mobileWidget-jqm1.4.html?bgcolor=E9E8E8&amp;showExtraDownloadButton=yes&amp;isbn=9783837138566&amp;buttonOrder=audio-video&amp;navigationContext=audio&amp;https=yes&amp;socialSelfBackLink=yes&amp;iconType=rh5&amp;iconTypeSecondary=rh5&amp;lang=de&amp;fullscreen=yes&amp;jump2=0&amp;flipBook=no&amp;openFSIPN=yes&amp;resizable=yes&amp;template=rhservice&amp;buyUrl=https:\/\/www.randomhouse.de\/cart\/add\/520496.rhd\">hier<\/a> kostenlos abrufbar ist.<\/p>\n\n\n\n<p>Aus dem Klappentext: \u201eWie bewahrt man die Selbstachtung in Zeiten der Willk\u00fcrherrschaft?<br>Sie ist das h\u00fcbscheste, frechste und mutigste M\u00e4dchen an den Str\u00e4nden des Rheins \u2013 und sie ist J\u00fcdin. Die Lebensgeschichte Gudrun Samuels ist die Geschichte einer ganzen Generation junger Frauen, die die Naziherrschaft und der Krieg zur Flucht gezwungen haben.<br>Ein beeindruckender und mitrei\u00dfender Roman \u00fcber eine starke Frau in der dunkelsten Epoche des 20. Jahrhunderts.\u201c<\/p>\n","protected":false},"excerpt":{"rendered":"<p>Am 14. September 2020 wird die Autorin Sabine Bode f\u00fcr eine Lesung ihres Werks Das M\u00e4dchen im Strom im Haus des Erinnerns \u2013 f\u00fcr Demokratie und Akzeptanz zu Gast sein. In diesem Roman verarbeitet sie die Biografie der Mainzerin Gerty Meyer-J\u00f8rgensen, die in der Kaiserstra\u00dfe 37 aufwuchs. Wir freuen uns,&#8230;<\/p>\n<p> <a class=\"continue-reading-link\" href=\"https:\/\/www.haus-des-erinnerns-mainz.de\/index.php\/2020\/04\/03\/geplante-lesung\/\"><span>Weiterlesen<\/span><i class=\"crycon-right-dir\"><\/i><\/a> <\/p>\n","protected":false},"author":4,"featured_media":1437,"comment_status":"closed","ping_status":"open","sticky":false,"template":"","format":"standard","meta":{"episode_type":"","audio_file":"","podmotor_file_id":"","podmotor_episode_id":"","cover_image":"","cover_image_id":"","duration":"","filesize":"","filesize_raw":"","date_recorded":"","explicit":"","block":"","ngg_post_thumbnail":0,"_price":"","_stock":"","_tribe_ticket_header":"","_tribe_default_ticket_provider":"","_tribe_ticket_capacity":"0","_ticket_start_date":"","_ticket_end_date":"","_tribe_ticket_show_description":"","_tribe_ticket_show_not_going":false,"_tribe_ticket_use_global_stock":"","_tribe_ticket_global_stock_level":"","_global_stock_mode":"","_global_stock_cap":"","_tribe_rsvp_for_event":"","_tribe_ticket_going_count":"","_tribe_ticket_not_going_count":"","_tribe_tickets_list":"[]","_tribe_ticket_has_attendee_info_fields":false,"footnotes":""},"categories":[75,1,86],"tags":[14,140],"series":[547],"class_list":["post-1434","post","type-post","status-publish","format-standard","has-post-thumbnail","hentry","category-aktuelles","category-allgemein","category-archiv","tag-lesung","tag-themenschwerpunkt-2020","series-haus-des-erinnerns"],"episode_featured_image":"https:\/\/www.haus-des-erinnerns-mainz.de\/wp-content\/uploads\/2020\/04\/Bode_SDas_Maedchen_im_Strom_DL_176797.jpg","episode_player_image":"https:\/\/www.haus-des-erinnerns-mainz.de\/wp-content\/plugins\/seriously-simple-podcasting\/assets\/images\/no-album-art.png","download_link":"","player_link":"","audio_player":false,"episode_data":{"playerMode":"dark","subscribeUrls":[],"rssFeedUrl":"https:\/\/www.haus-des-erinnerns-mainz.de\/feed\/podcast\/haus-des-erinnerns","embedCode":"<blockquote class=\"wp-embedded-content\" data-secret=\"xrD9zBYbGe\"><a href=\"https:\/\/www.haus-des-erinnerns-mainz.de\/index.php\/2020\/04\/03\/geplante-lesung\/\">Geplante Lesung \u2013 H\u00f6rprobe<\/a><\/blockquote><iframe sandbox=\"allow-scripts\" security=\"restricted\" src=\"https:\/\/www.haus-des-erinnerns-mainz.de\/index.php\/2020\/04\/03\/geplante-lesung\/embed\/#?secret=xrD9zBYbGe\" width=\"500\" height=\"350\" title=\"&#8222;Geplante Lesung \u2013 H\u00f6rprobe&#8220; &#8211; Haus des Erinnerns\" data-secret=\"xrD9zBYbGe\" frameborder=\"0\" marginwidth=\"0\" marginheight=\"0\" scrolling=\"no\" class=\"wp-embedded-content\"><\/iframe><script type=\"text\/javascript\">\n\/* <![CDATA[ *\/\n\/*! This file is auto-generated *\/\n!function(d,l){\"use strict\";l.querySelector&&d.addEventListener&&\"undefined\"!=typeof URL&&(d.wp=d.wp||{},d.wp.receiveEmbedMessage||(d.wp.receiveEmbedMessage=function(e){var t=e.data;if((t||t.secret||t.message||t.value)&&!\/[^a-zA-Z0-9]\/.test(t.secret)){for(var s,r,n,a=l.querySelectorAll('iframe[data-secret=\"'+t.secret+'\"]'),o=l.querySelectorAll('blockquote[data-secret=\"'+t.secret+'\"]'),c=new RegExp(\"^https?:$\",\"i\"),i=0;i<o.length;i++)o[i].style.display=\"none\";for(i=0;i<a.length;i++)s=a[i],e.source===s.contentWindow&&(s.removeAttribute(\"style\"),\"height\"===t.message?(1e3<(r=parseInt(t.value,10))?r=1e3:~~r<200&&(r=200),s.height=r):\"link\"===t.message&&(r=new URL(s.getAttribute(\"src\")),n=new URL(t.value),c.test(n.protocol))&&n.host===r.host&&l.activeElement===s&&(d.top.location.href=t.value))}},d.addEventListener(\"message\",d.wp.receiveEmbedMessage,!1),l.addEventListener(\"DOMContentLoaded\",function(){for(var e,t,s=l.querySelectorAll(\"iframe.wp-embedded-content\"),r=0;r<s.length;r++)(t=(e=s[r]).getAttribute(\"data-secret\"))||(t=Math.random().toString(36).substring(2,12),e.src+=\"#?secret=\"+t,e.setAttribute(\"data-secret\",t)),e.contentWindow.postMessage({message:\"ready\",secret:t},\"*\")},!1)))}(window,document);\n\/* ]]> *\/\n<\/script>\n"},"_links":{"self":[{"href":"https:\/\/www.haus-des-erinnerns-mainz.de\/index.php\/wp-json\/wp\/v2\/posts\/1434","targetHints":{"allow":["GET"]}}],"collection":[{"href":"https:\/\/www.haus-des-erinnerns-mainz.de\/index.php\/wp-json\/wp\/v2\/posts"}],"about":[{"href":"https:\/\/www.haus-des-erinnerns-mainz.de\/index.php\/wp-json\/wp\/v2\/types\/post"}],"author":[{"embeddable":true,"href":"https:\/\/www.haus-des-erinnerns-mainz.de\/index.php\/wp-json\/wp\/v2\/users\/4"}],"replies":[{"embeddable":true,"href":"https:\/\/www.haus-des-erinnerns-mainz.de\/index.php\/wp-json\/wp\/v2\/comments?post=1434"}],"version-history":[{"count":4,"href":"https:\/\/www.haus-des-erinnerns-mainz.de\/index.php\/wp-json\/wp\/v2\/posts\/1434\/revisions"}],"predecessor-version":[{"id":1449,"href":"https:\/\/www.haus-des-erinnerns-mainz.de\/index.php\/wp-json\/wp\/v2\/posts\/1434\/revisions\/1449"}],"wp:featuredmedia":[{"embeddable":true,"href":"https:\/\/www.haus-des-erinnerns-mainz.de\/index.php\/wp-json\/wp\/v2\/media\/1437"}],"wp:attachment":[{"href":"https:\/\/www.haus-des-erinnerns-mainz.de\/index.php\/wp-json\/wp\/v2\/media?parent=1434"}],"wp:term":[{"taxonomy":"category","embeddable":true,"href":"https:\/\/www.haus-des-erinnerns-mainz.de\/index.php\/wp-json\/wp\/v2\/categories?post=1434"},{"taxonomy":"post_tag","embeddable":true,"href":"https:\/\/www.haus-des-erinnerns-mainz.de\/index.php\/wp-json\/wp\/v2\/tags?post=1434"},{"taxonomy":"series","embeddable":true,"href":"https:\/\/www.haus-des-erinnerns-mainz.de\/index.php\/wp-json\/wp\/v2\/series?post=1434"}],"curies":[{"name":"wp","href":"https:\/\/api.w.org\/{rel}","templated":true}]}}