{"id":1396,"date":"2020-03-17T14:01:51","date_gmt":"2020-03-17T13:01:51","guid":{"rendered":"https:\/\/www.haus-des-erinnerns-mainz.de\/?p=1396"},"modified":"2020-04-27T17:09:27","modified_gmt":"2020-04-27T15:09:27","slug":"haus-des-erinnerns-bis-20-april-geschlossen","status":"publish","type":"post","link":"https:\/\/www.haus-des-erinnerns-mainz.de\/index.php\/2020\/03\/17\/haus-des-erinnerns-bis-20-april-geschlossen\/","title":{"rendered":"Haus des Erinnerns bis auf Weiteres geschlossen"},"content":{"rendered":"\n<p class=\"has-text-align-left\">Liebe Besucher*innen,<\/p>\n\n\n\n<p>leider muss das Haus des Erinnerns aufgrund der momentan schwer einzusch\u00e4tzenden Entwicklungen in der Ausbreitung des Virus COVID-19 seine R\u00e4umlichkeiten f\u00fcr den Besucher*innenverkehr voraussichtlich bis auf Weiteres schlie\u00dfen.<\/p>\n\n\n\n<p><strong>Ausstellung im Fenster:<\/strong><br>Unsere Ausstellung &#8222;<em>&#8218;Das Leben war jetzt drau\u00dfen, und ich war dort drinnen.&#8216; Zwangssterilisation und Ermordung im Rahmen der NS-&#8218;Euthanasie&#8216; und ihre Opfer in Mainz und Rheinhessen&#8220;<\/em> kann aber nun von au\u00dfen weiter angeschaut werden!<\/p>\n\n\n\n<p>Ihre Anfragen werden wir telefonisch und per Email beantworten. <br>Wir w\u00fcnschen allen eine gute Gesundheit und hoffen, dass wir bald wieder f\u00fcr unsere Besucher*innen \u00f6ffnen k\u00f6nnen!<\/p>\n","protected":false},"excerpt":{"rendered":"<p>Liebe Besucher*innen, leider muss das Haus des Erinnerns aufgrund der momentan schwer einzusch\u00e4tzenden Entwicklungen in der Ausbreitung des Virus COVID-19 seine R\u00e4umlichkeiten f\u00fcr den Besucher*innenverkehr voraussichtlich bis auf Weiteres schlie\u00dfen. Ausstellung im Fenster:Unsere Ausstellung &#8222;&#8218;Das Leben war jetzt drau\u00dfen, und ich war dort drinnen.&#8216; Zwangssterilisation und Ermordung im Rahmen der&#8230;<\/p>\n<p> <a class=\"continue-reading-link\" href=\"https:\/\/www.haus-des-erinnerns-mainz.de\/index.php\/2020\/03\/17\/haus-des-erinnerns-bis-20-april-geschlossen\/\"><span>Weiterlesen<\/span><i class=\"crycon-right-dir\"><\/i><\/a> <\/p>\n","protected":false},"author":2,"featured_media":1399,"comment_status":"closed","ping_status":"open","sticky":false,"template":"","format":"standard","meta":{"episode_type":"","audio_file":"","podmotor_file_id":"","podmotor_episode_id":"","cover_image":"","cover_image_id":"","duration":"","filesize":"","filesize_raw":"","date_recorded":"","explicit":"","block":"","ngg_post_thumbnail":0,"_price":"","_stock":"","_tribe_ticket_header":"","_tribe_default_ticket_provider":"","_tribe_ticket_capacity":"0","_ticket_start_date":"","_ticket_end_date":"","_tribe_ticket_show_description":"","_tribe_ticket_show_not_going":false,"_tribe_ticket_use_global_stock":"","_tribe_ticket_global_stock_level":"","_global_stock_mode":"","_global_stock_cap":"","_tribe_rsvp_for_event":"","_tribe_ticket_going_count":"","_tribe_ticket_not_going_count":"","_tribe_tickets_list":"[]","_tribe_ticket_has_attendee_info_fields":false,"footnotes":""},"categories":[75,1],"tags":[96,148,143],"series":[547],"class_list":["post-1396","post","type-post","status-publish","format-standard","has-post-thumbnail","hentry","category-aktuelles","category-allgemein","tag-ausstellung","tag-corona","tag-oeffnungszeiten","series-haus-des-erinnerns"],"episode_featured_image":"https:\/\/www.haus-des-erinnerns-mainz.de\/wp-content\/uploads\/2020\/03\/Ausstellund-Foto_HdE-e1584450234765.jpg","episode_player_image":"https:\/\/www.haus-des-erinnerns-mainz.de\/wp-content\/plugins\/seriously-simple-podcasting\/assets\/images\/no-album-art.png","download_link":"","player_link":"","audio_player":false,"episode_data":{"playerMode":"dark","subscribeUrls":[],"rssFeedUrl":"https:\/\/www.haus-des-erinnerns-mainz.de\/feed\/podcast\/haus-des-erinnerns","embedCode":"<blockquote class=\"wp-embedded-content\" data-secret=\"oZOM9cF8QO\"><a href=\"https:\/\/www.haus-des-erinnerns-mainz.de\/index.php\/2020\/03\/17\/haus-des-erinnerns-bis-20-april-geschlossen\/\">Haus des Erinnerns bis auf Weiteres geschlossen<\/a><\/blockquote><iframe sandbox=\"allow-scripts\" security=\"restricted\" src=\"https:\/\/www.haus-des-erinnerns-mainz.de\/index.php\/2020\/03\/17\/haus-des-erinnerns-bis-20-april-geschlossen\/embed\/#?secret=oZOM9cF8QO\" width=\"500\" height=\"350\" title=\"&#8222;Haus des Erinnerns bis auf Weiteres geschlossen&#8220; &#8211; Haus des Erinnerns\" data-secret=\"oZOM9cF8QO\" frameborder=\"0\" marginwidth=\"0\" marginheight=\"0\" scrolling=\"no\" class=\"wp-embedded-content\"><\/iframe><script type=\"text\/javascript\">\n\/* <![CDATA[ *\/\n\/*! This file is auto-generated *\/\n!function(d,l){\"use strict\";l.querySelector&&d.addEventListener&&\"undefined\"!=typeof URL&&(d.wp=d.wp||{},d.wp.receiveEmbedMessage||(d.wp.receiveEmbedMessage=function(e){var t=e.data;if((t||t.secret||t.message||t.value)&&!\/[^a-zA-Z0-9]\/.test(t.secret)){for(var s,r,n,a=l.querySelectorAll('iframe[data-secret=\"'+t.secret+'\"]'),o=l.querySelectorAll('blockquote[data-secret=\"'+t.secret+'\"]'),c=new RegExp(\"^https?:$\",\"i\"),i=0;i<o.length;i++)o[i].style.display=\"none\";for(i=0;i<a.length;i++)s=a[i],e.source===s.contentWindow&&(s.removeAttribute(\"style\"),\"height\"===t.message?(1e3<(r=parseInt(t.value,10))?r=1e3:~~r<200&&(r=200),s.height=r):\"link\"===t.message&&(r=new URL(s.getAttribute(\"src\")),n=new URL(t.value),c.test(n.protocol))&&n.host===r.host&&l.activeElement===s&&(d.top.location.href=t.value))}},d.addEventListener(\"message\",d.wp.receiveEmbedMessage,!1),l.addEventListener(\"DOMContentLoaded\",function(){for(var e,t,s=l.querySelectorAll(\"iframe.wp-embedded-content\"),r=0;r<s.length;r++)(t=(e=s[r]).getAttribute(\"data-secret\"))||(t=Math.random().toString(36).substring(2,12),e.src+=\"#?secret=\"+t,e.setAttribute(\"data-secret\",t)),e.contentWindow.postMessage({message:\"ready\",secret:t},\"*\")},!1)))}(window,document);\n\/* ]]> *\/\n<\/script>\n"},"_links":{"self":[{"href":"https:\/\/www.haus-des-erinnerns-mainz.de\/index.php\/wp-json\/wp\/v2\/posts\/1396","targetHints":{"allow":["GET"]}}],"collection":[{"href":"https:\/\/www.haus-des-erinnerns-mainz.de\/index.php\/wp-json\/wp\/v2\/posts"}],"about":[{"href":"https:\/\/www.haus-des-erinnerns-mainz.de\/index.php\/wp-json\/wp\/v2\/types\/post"}],"author":[{"embeddable":true,"href":"https:\/\/www.haus-des-erinnerns-mainz.de\/index.php\/wp-json\/wp\/v2\/users\/2"}],"replies":[{"embeddable":true,"href":"https:\/\/www.haus-des-erinnerns-mainz.de\/index.php\/wp-json\/wp\/v2\/comments?post=1396"}],"version-history":[{"count":4,"href":"https:\/\/www.haus-des-erinnerns-mainz.de\/index.php\/wp-json\/wp\/v2\/posts\/1396\/revisions"}],"predecessor-version":[{"id":1692,"href":"https:\/\/www.haus-des-erinnerns-mainz.de\/index.php\/wp-json\/wp\/v2\/posts\/1396\/revisions\/1692"}],"wp:featuredmedia":[{"embeddable":true,"href":"https:\/\/www.haus-des-erinnerns-mainz.de\/index.php\/wp-json\/wp\/v2\/media\/1399"}],"wp:attachment":[{"href":"https:\/\/www.haus-des-erinnerns-mainz.de\/index.php\/wp-json\/wp\/v2\/media?parent=1396"}],"wp:term":[{"taxonomy":"category","embeddable":true,"href":"https:\/\/www.haus-des-erinnerns-mainz.de\/index.php\/wp-json\/wp\/v2\/categories?post=1396"},{"taxonomy":"post_tag","embeddable":true,"href":"https:\/\/www.haus-des-erinnerns-mainz.de\/index.php\/wp-json\/wp\/v2\/tags?post=1396"},{"taxonomy":"series","embeddable":true,"href":"https:\/\/www.haus-des-erinnerns-mainz.de\/index.php\/wp-json\/wp\/v2\/series?post=1396"}],"curies":[{"name":"wp","href":"https:\/\/api.w.org\/{rel}","templated":true}]}}