{"id":1333,"date":"2020-02-14T11:03:24","date_gmt":"2020-02-14T10:03:24","guid":{"rendered":"https:\/\/www.haus-des-erinnerns-mainz.de\/?p=1333"},"modified":"2020-02-14T11:03:53","modified_gmt":"2020-02-14T10:03:53","slug":"neue-ausstellung-ueber-opfer-der-ns-euthanasie-im-haus-der-erinnerns","status":"publish","type":"post","link":"https:\/\/www.haus-des-erinnerns-mainz.de\/index.php\/2020\/02\/14\/neue-ausstellung-ueber-opfer-der-ns-euthanasie-im-haus-der-erinnerns\/","title":{"rendered":"Neue Ausstellung \u00fcber Opfer der NS-\u201eEuthanasie\u201c im Haus der Erinnerns"},"content":{"rendered":"\n<p>Am Donnerstag, den 13. Februar, fand ein Pressegespr\u00e4ch mit Oberb\u00fcrgermeister Michael Ebling und Kulturdezernentin  Marianne Grosse im Haus des Erinnerns statt.  Grund daf\u00fcr war die Pr\u00e4sentation  unseres Jahresberichtes, die Erweiterung des Raums der Namen sowie unsere neue Ausstellung &#8222;&#8218;Das Leben war jetzt drau\u00dfen, und ich war dort drinnen.&#8216; &#8211; Zwangssterilisation und Ermordung im Rahmen der NS-&#8218;Euthanasie&#8216; und ihre Opfer in Mainz und Rheinhessen&#8220; .  Michael Jacobs von  der Allgemeinen Zeitung hat in seinem Artikel  <a href=\"https:\/\/www.allgemeine-zeitung.de\/lokales\/mainz\/nachrichten-mainz\/haus-des-erinnerns-uber-opfer-der-ns-euthanasie_21230196?fbclid=IwAR34Gpm7rt9W6K3aYiGPtPHR7GqA3_8J78nOKKcFP5FPeV69dhifWvpOvqk\">\u201eHaus des Erinnerns \u00fcber Opfer der NS-&#8218;Euthanasie&#8217;\u201c<\/a>  \u00fcber unsere neue Ausstellung berichtet. <\/p>\n\n\n\n<p><br><em>Zur <\/em><strong><em>offiziellen Ausstellungser\u00f6ffnung<\/em><\/strong><em> laden wir Sie heute, Freitag, 14. Februar 2020, um 18.00 Uhr, herzlich ein!<\/em><\/p>\n","protected":false},"excerpt":{"rendered":"<p>Am Donnerstag, den 13. Februar, fand ein Pressegespr\u00e4ch mit Oberb\u00fcrgermeister Michael Ebling und Kulturdezernentin Marianne Grosse im Haus des Erinnerns statt. Grund daf\u00fcr war die Pr\u00e4sentation unseres Jahresberichtes, die Erweiterung des Raums der Namen sowie unsere neue Ausstellung &#8222;&#8218;Das Leben war jetzt drau\u00dfen, und ich war dort drinnen.&#8216; &#8211; Zwangssterilisation&#8230;<\/p>\n<p> <a class=\"continue-reading-link\" href=\"https:\/\/www.haus-des-erinnerns-mainz.de\/index.php\/2020\/02\/14\/neue-ausstellung-ueber-opfer-der-ns-euthanasie-im-haus-der-erinnerns\/\"><span>Weiterlesen<\/span><i class=\"crycon-right-dir\"><\/i><\/a> <\/p>\n","protected":false},"author":2,"featured_media":531,"comment_status":"closed","ping_status":"open","sticky":false,"template":"","format":"standard","meta":{"episode_type":"","audio_file":"","podmotor_file_id":"","podmotor_episode_id":"","cover_image":"","cover_image_id":"","duration":"","filesize":"","filesize_raw":"","date_recorded":"","explicit":"","block":"","ngg_post_thumbnail":0,"_price":"","_stock":"","_tribe_ticket_header":"","_tribe_default_ticket_provider":"","_tribe_ticket_capacity":"0","_ticket_start_date":"","_ticket_end_date":"","_tribe_ticket_show_description":"","_tribe_ticket_show_not_going":false,"_tribe_ticket_use_global_stock":"","_tribe_ticket_global_stock_level":"","_global_stock_mode":"","_global_stock_cap":"","_tribe_rsvp_for_event":"","_tribe_ticket_going_count":"","_tribe_ticket_not_going_count":"","_tribe_tickets_list":"[]","_tribe_ticket_has_attendee_info_fields":false,"footnotes":""},"categories":[75,86],"tags":[96,137,122],"series":[547],"class_list":["post-1333","post","type-post","status-publish","format-standard","has-post-thumbnail","hentry","category-aktuelles","category-archiv","tag-ausstellung","tag-euthanasie","tag-nationalsozialismus","series-haus-des-erinnerns"],"episode_featured_image":"https:\/\/www.haus-des-erinnerns-mainz.de\/wp-content\/uploads\/2019\/09\/42A9659-e1583232454420.jpg","episode_player_image":"https:\/\/www.haus-des-erinnerns-mainz.de\/wp-content\/plugins\/seriously-simple-podcasting\/assets\/images\/no-album-art.png","download_link":"","player_link":"","audio_player":false,"episode_data":{"playerMode":"dark","subscribeUrls":[],"rssFeedUrl":"https:\/\/www.haus-des-erinnerns-mainz.de\/feed\/podcast\/haus-des-erinnerns","embedCode":"<blockquote class=\"wp-embedded-content\" data-secret=\"n2Er5TvmI9\"><a href=\"https:\/\/www.haus-des-erinnerns-mainz.de\/index.php\/2020\/02\/14\/neue-ausstellung-ueber-opfer-der-ns-euthanasie-im-haus-der-erinnerns\/\">Neue Ausstellung \u00fcber Opfer der NS-\u201eEuthanasie\u201c im Haus der Erinnerns<\/a><\/blockquote><iframe sandbox=\"allow-scripts\" security=\"restricted\" src=\"https:\/\/www.haus-des-erinnerns-mainz.de\/index.php\/2020\/02\/14\/neue-ausstellung-ueber-opfer-der-ns-euthanasie-im-haus-der-erinnerns\/embed\/#?secret=n2Er5TvmI9\" width=\"500\" height=\"350\" title=\"&#8222;Neue Ausstellung \u00fcber Opfer der NS-\u201eEuthanasie\u201c im Haus der Erinnerns&#8220; &#8211; Haus des Erinnerns\" data-secret=\"n2Er5TvmI9\" frameborder=\"0\" marginwidth=\"0\" marginheight=\"0\" scrolling=\"no\" class=\"wp-embedded-content\"><\/iframe><script type=\"text\/javascript\">\n\/* <![CDATA[ *\/\n\/*! This file is auto-generated *\/\n!function(d,l){\"use strict\";l.querySelector&&d.addEventListener&&\"undefined\"!=typeof URL&&(d.wp=d.wp||{},d.wp.receiveEmbedMessage||(d.wp.receiveEmbedMessage=function(e){var t=e.data;if((t||t.secret||t.message||t.value)&&!\/[^a-zA-Z0-9]\/.test(t.secret)){for(var s,r,n,a=l.querySelectorAll('iframe[data-secret=\"'+t.secret+'\"]'),o=l.querySelectorAll('blockquote[data-secret=\"'+t.secret+'\"]'),c=new RegExp(\"^https?:$\",\"i\"),i=0;i<o.length;i++)o[i].style.display=\"none\";for(i=0;i<a.length;i++)s=a[i],e.source===s.contentWindow&&(s.removeAttribute(\"style\"),\"height\"===t.message?(1e3<(r=parseInt(t.value,10))?r=1e3:~~r<200&&(r=200),s.height=r):\"link\"===t.message&&(r=new URL(s.getAttribute(\"src\")),n=new URL(t.value),c.test(n.protocol))&&n.host===r.host&&l.activeElement===s&&(d.top.location.href=t.value))}},d.addEventListener(\"message\",d.wp.receiveEmbedMessage,!1),l.addEventListener(\"DOMContentLoaded\",function(){for(var e,t,s=l.querySelectorAll(\"iframe.wp-embedded-content\"),r=0;r<s.length;r++)(t=(e=s[r]).getAttribute(\"data-secret\"))||(t=Math.random().toString(36).substring(2,12),e.src+=\"#?secret=\"+t,e.setAttribute(\"data-secret\",t)),e.contentWindow.postMessage({message:\"ready\",secret:t},\"*\")},!1)))}(window,document);\n\/* ]]> *\/\n<\/script>\n"},"_links":{"self":[{"href":"https:\/\/www.haus-des-erinnerns-mainz.de\/index.php\/wp-json\/wp\/v2\/posts\/1333","targetHints":{"allow":["GET"]}}],"collection":[{"href":"https:\/\/www.haus-des-erinnerns-mainz.de\/index.php\/wp-json\/wp\/v2\/posts"}],"about":[{"href":"https:\/\/www.haus-des-erinnerns-mainz.de\/index.php\/wp-json\/wp\/v2\/types\/post"}],"author":[{"embeddable":true,"href":"https:\/\/www.haus-des-erinnerns-mainz.de\/index.php\/wp-json\/wp\/v2\/users\/2"}],"replies":[{"embeddable":true,"href":"https:\/\/www.haus-des-erinnerns-mainz.de\/index.php\/wp-json\/wp\/v2\/comments?post=1333"}],"version-history":[{"count":2,"href":"https:\/\/www.haus-des-erinnerns-mainz.de\/index.php\/wp-json\/wp\/v2\/posts\/1333\/revisions"}],"predecessor-version":[{"id":1335,"href":"https:\/\/www.haus-des-erinnerns-mainz.de\/index.php\/wp-json\/wp\/v2\/posts\/1333\/revisions\/1335"}],"wp:featuredmedia":[{"embeddable":true,"href":"https:\/\/www.haus-des-erinnerns-mainz.de\/index.php\/wp-json\/wp\/v2\/media\/531"}],"wp:attachment":[{"href":"https:\/\/www.haus-des-erinnerns-mainz.de\/index.php\/wp-json\/wp\/v2\/media?parent=1333"}],"wp:term":[{"taxonomy":"category","embeddable":true,"href":"https:\/\/www.haus-des-erinnerns-mainz.de\/index.php\/wp-json\/wp\/v2\/categories?post=1333"},{"taxonomy":"post_tag","embeddable":true,"href":"https:\/\/www.haus-des-erinnerns-mainz.de\/index.php\/wp-json\/wp\/v2\/tags?post=1333"},{"taxonomy":"series","embeddable":true,"href":"https:\/\/www.haus-des-erinnerns-mainz.de\/index.php\/wp-json\/wp\/v2\/series?post=1333"}],"curies":[{"name":"wp","href":"https:\/\/api.w.org\/{rel}","templated":true}]}}