{"id":1301,"date":"2020-02-02T12:43:57","date_gmt":"2020-02-02T11:43:57","guid":{"rendered":"https:\/\/www.haus-des-erinnerns-mainz.de\/?p=1301"},"modified":"2020-02-02T15:05:54","modified_gmt":"2020-02-02T14:05:54","slug":"miteinander-gut-leben-rheinland-pfalz-gegen-hass-und-hetze","status":"publish","type":"post","link":"https:\/\/www.haus-des-erinnerns-mainz.de\/index.php\/2020\/02\/02\/miteinander-gut-leben-rheinland-pfalz-gegen-hass-und-hetze\/","title":{"rendered":"Miteinander Gut Leben \u2013 Rheinland-Pfalz gegen Hass und Hetze"},"content":{"rendered":"\n<p>Auf einer Pressekonferenz im Haus des Erinnerns  \u2013 f\u00fcr Demokratie und Akzeptanz Mainz hat die<strong> rheinland-pf\u00e4lzische Landesregierung<\/strong> am 28. Januar ihren <strong>Themenschwerpunkt<\/strong> im Jahr 2020 verk\u00fcndet:<\/p>\n\n\n\n<p>\u201eRheinland-Pfalz ist ein lebenswertes und weltoffenes Land. Das wollen wir auch in Zukunft sein. <br> Deshalb finden wir uns nicht damit ab, dass der Umgang auf der Stra\u00dfe und im Netz immer aggressiver wird. Wir widersprechen, wenn Einzelne oder Minderheiten ver\u00e4chtlich gemacht werden und wir stellen uns vor diejenigen, die Verantwortung f\u00fcr das Gemeinwohl \u00fcbernehmen, wenn sie beleidigt und bedroht werden.  <br> Aus der Geschichte wissen wir, wie kostbar Demokratie und Rechtstaatlichkeit sind. Meinungs- und Pressefreiheit sind ein hohes Gut. Aber niemand kann sich f\u00fcr Hass und Hetze auf das Grundgesetz berufen. Die W\u00fcrde jedes Menschen ist unantastbar \u2013 ganz gleich, woher jemand kommt, welches Geschlecht jemand hat, was jemand glaubt, welches Handicap jemand hat, in welcher sozialen Situation jemand lebt oder wie jemand liebt. <br> Menschenfeindlichkeit darf nie wieder auf eine Mehrheit treffen, die schweigt. <br> Zeigen wir gemeinsam: Hass und Hetze haben in Rheinland-Pfalz keinen Platz. Bei aller Verschiedenheit der Meinungen stehen wir f\u00fcr ein Miteinander des Respekts. Bei uns z\u00e4hlen Mitgef\u00fchl, Toleranz und Zivilcourage. Wir wollen miteinander gut leben.\u201c <\/p>\n","protected":false},"excerpt":{"rendered":"<p>Auf einer Pressekonferenz im Haus des Erinnerns \u2013 f\u00fcr Demokratie und Akzeptanz Mainz hat die rheinland-pf\u00e4lzische Landesregierung am 28. Januar ihren Themenschwerpunkt im Jahr 2020 verk\u00fcndet: \u201eRheinland-Pfalz ist ein lebenswertes und weltoffenes Land. Das wollen wir auch in Zukunft sein. Deshalb finden wir uns nicht damit ab, dass der Umgang&#8230;<\/p>\n<p> <a class=\"continue-reading-link\" href=\"https:\/\/www.haus-des-erinnerns-mainz.de\/index.php\/2020\/02\/02\/miteinander-gut-leben-rheinland-pfalz-gegen-hass-und-hetze\/\"><span>Weiterlesen<\/span><i class=\"crycon-right-dir\"><\/i><\/a> <\/p>\n","protected":false},"author":2,"featured_media":1305,"comment_status":"closed","ping_status":"open","sticky":false,"template":"","format":"standard","meta":{"episode_type":"","audio_file":"","podmotor_file_id":"","podmotor_episode_id":"","cover_image":"","cover_image_id":"","duration":"","filesize":"","filesize_raw":"","date_recorded":"","explicit":"","block":"","ngg_post_thumbnail":0,"_price":"","_stock":"","_tribe_ticket_header":"","_tribe_default_ticket_provider":"","_tribe_ticket_capacity":"0","_ticket_start_date":"","_ticket_end_date":"","_tribe_ticket_show_description":"","_tribe_ticket_show_not_going":false,"_tribe_ticket_use_global_stock":"","_tribe_ticket_global_stock_level":"","_global_stock_mode":"","_global_stock_cap":"","_tribe_rsvp_for_event":"","_tribe_ticket_going_count":"","_tribe_ticket_not_going_count":"","_tribe_tickets_list":"[]","_tribe_ticket_has_attendee_info_fields":false,"footnotes":""},"categories":[75],"tags":[109,140],"series":[547],"class_list":["post-1301","post","type-post","status-publish","format-standard","has-post-thumbnail","hentry","category-aktuelles","tag-demokratie","tag-themenschwerpunkt-2020","series-haus-des-erinnerns"],"episode_featured_image":"https:\/\/www.haus-des-erinnerns-mainz.de\/wp-content\/uploads\/2020\/02\/RLP_GegenHassundHetze_Keyvi_PLAIN_RGB-1-e1583233044290.jpg","episode_player_image":"https:\/\/www.haus-des-erinnerns-mainz.de\/wp-content\/plugins\/seriously-simple-podcasting\/assets\/images\/no-album-art.png","download_link":"","player_link":"","audio_player":false,"episode_data":{"playerMode":"dark","subscribeUrls":[],"rssFeedUrl":"https:\/\/www.haus-des-erinnerns-mainz.de\/feed\/podcast\/haus-des-erinnerns","embedCode":"<blockquote class=\"wp-embedded-content\" data-secret=\"yy7QuMLMao\"><a href=\"https:\/\/www.haus-des-erinnerns-mainz.de\/index.php\/2020\/02\/02\/miteinander-gut-leben-rheinland-pfalz-gegen-hass-und-hetze\/\">Miteinander Gut Leben \u2013 Rheinland-Pfalz gegen Hass und Hetze<\/a><\/blockquote><iframe sandbox=\"allow-scripts\" security=\"restricted\" src=\"https:\/\/www.haus-des-erinnerns-mainz.de\/index.php\/2020\/02\/02\/miteinander-gut-leben-rheinland-pfalz-gegen-hass-und-hetze\/embed\/#?secret=yy7QuMLMao\" width=\"500\" height=\"350\" title=\"&#8222;Miteinander Gut Leben \u2013 Rheinland-Pfalz gegen Hass und Hetze&#8220; &#8211; Haus des Erinnerns\" data-secret=\"yy7QuMLMao\" frameborder=\"0\" marginwidth=\"0\" marginheight=\"0\" scrolling=\"no\" class=\"wp-embedded-content\"><\/iframe><script type=\"text\/javascript\">\n\/* <![CDATA[ *\/\n\/*! This file is auto-generated *\/\n!function(d,l){\"use strict\";l.querySelector&&d.addEventListener&&\"undefined\"!=typeof URL&&(d.wp=d.wp||{},d.wp.receiveEmbedMessage||(d.wp.receiveEmbedMessage=function(e){var t=e.data;if((t||t.secret||t.message||t.value)&&!\/[^a-zA-Z0-9]\/.test(t.secret)){for(var s,r,n,a=l.querySelectorAll('iframe[data-secret=\"'+t.secret+'\"]'),o=l.querySelectorAll('blockquote[data-secret=\"'+t.secret+'\"]'),c=new RegExp(\"^https?:$\",\"i\"),i=0;i<o.length;i++)o[i].style.display=\"none\";for(i=0;i<a.length;i++)s=a[i],e.source===s.contentWindow&&(s.removeAttribute(\"style\"),\"height\"===t.message?(1e3<(r=parseInt(t.value,10))?r=1e3:~~r<200&&(r=200),s.height=r):\"link\"===t.message&&(r=new URL(s.getAttribute(\"src\")),n=new URL(t.value),c.test(n.protocol))&&n.host===r.host&&l.activeElement===s&&(d.top.location.href=t.value))}},d.addEventListener(\"message\",d.wp.receiveEmbedMessage,!1),l.addEventListener(\"DOMContentLoaded\",function(){for(var e,t,s=l.querySelectorAll(\"iframe.wp-embedded-content\"),r=0;r<s.length;r++)(t=(e=s[r]).getAttribute(\"data-secret\"))||(t=Math.random().toString(36).substring(2,12),e.src+=\"#?secret=\"+t,e.setAttribute(\"data-secret\",t)),e.contentWindow.postMessage({message:\"ready\",secret:t},\"*\")},!1)))}(window,document);\n\/* ]]> *\/\n<\/script>\n"},"_links":{"self":[{"href":"https:\/\/www.haus-des-erinnerns-mainz.de\/index.php\/wp-json\/wp\/v2\/posts\/1301","targetHints":{"allow":["GET"]}}],"collection":[{"href":"https:\/\/www.haus-des-erinnerns-mainz.de\/index.php\/wp-json\/wp\/v2\/posts"}],"about":[{"href":"https:\/\/www.haus-des-erinnerns-mainz.de\/index.php\/wp-json\/wp\/v2\/types\/post"}],"author":[{"embeddable":true,"href":"https:\/\/www.haus-des-erinnerns-mainz.de\/index.php\/wp-json\/wp\/v2\/users\/2"}],"replies":[{"embeddable":true,"href":"https:\/\/www.haus-des-erinnerns-mainz.de\/index.php\/wp-json\/wp\/v2\/comments?post=1301"}],"version-history":[{"count":1,"href":"https:\/\/www.haus-des-erinnerns-mainz.de\/index.php\/wp-json\/wp\/v2\/posts\/1301\/revisions"}],"predecessor-version":[{"id":1303,"href":"https:\/\/www.haus-des-erinnerns-mainz.de\/index.php\/wp-json\/wp\/v2\/posts\/1301\/revisions\/1303"}],"wp:featuredmedia":[{"embeddable":true,"href":"https:\/\/www.haus-des-erinnerns-mainz.de\/index.php\/wp-json\/wp\/v2\/media\/1305"}],"wp:attachment":[{"href":"https:\/\/www.haus-des-erinnerns-mainz.de\/index.php\/wp-json\/wp\/v2\/media?parent=1301"}],"wp:term":[{"taxonomy":"category","embeddable":true,"href":"https:\/\/www.haus-des-erinnerns-mainz.de\/index.php\/wp-json\/wp\/v2\/categories?post=1301"},{"taxonomy":"post_tag","embeddable":true,"href":"https:\/\/www.haus-des-erinnerns-mainz.de\/index.php\/wp-json\/wp\/v2\/tags?post=1301"},{"taxonomy":"series","embeddable":true,"href":"https:\/\/www.haus-des-erinnerns-mainz.de\/index.php\/wp-json\/wp\/v2\/series?post=1301"}],"curies":[{"name":"wp","href":"https:\/\/api.w.org\/{rel}","templated":true}]}}